{"id":173856,"date":"2021-05-25T21:52:18","date_gmt":"2021-05-25T21:52:18","guid":{"rendered":"https:\/\/www.enteratever.com\/2023\/escuelas-de-poza-rica-no-regresaron-a-clases\/"},"modified":"2021-05-25T21:52:18","modified_gmt":"2021-05-25T21:52:18","slug":"escuelas-de-poza-rica-no-regresaron-a-clases","status":"publish","type":"post","link":"https:\/\/www.enteratever.com\/2023\/2021\/05\/25\/escuelas-de-poza-rica-no-regresaron-a-clases\/","title":{"rendered":"Escuelas de Poza Rica no regresaron a clases"},"content":{"rendered":"<p>Visitas: 3<\/p>\n<p class=\"wp-block-paragraph\">Pese a que se hab\u00eda anunciado que el pasado 24 de mayo los estudiantes de los diferentes niveles educativos estar\u00edan regresando a clases, Melisa Hern\u00e1ndez P\u00e9rez, Delegada Regional de la Secretar\u00eda de Educaci\u00f3n de Veracruz (SEV) dijo que en Poza Rica ninguna escuela regresaron a clases presenciales.<\/p>\n\n\n\n<p class=\"wp-block-paragraph\">En entrevista se\u00f1al\u00f3 que debido al cambio a amarillo de acuerdo al sem\u00e1foro epidemiol\u00f3gico las escuelas en la ciudad por en lagunas instituciones de la sierra de Papantla estuvieron regresando a las clases presenciales, por lo que est\u00e1n revisando que est\u00e1s cumplan con los protocolo sanitarios para evitar poner en riego a los menores.<\/p>\n\n\n\n<p class=\"wp-block-paragraph\">Hasta donde se sabe siete escuelas de la regi\u00f3n regresaron a clases cinco en el municipio de Papantla y las restantes en el mini de Coatzintla, pero hasta el momento no tiene conocimiento de que en el mini petrolero hayan regresado a clases.<\/p>\n\n\n\n<p class=\"wp-block-paragraph\">La delegada de la SEV dio a conocer que se est\u00e1n enviando kits de limpieza para las escuelas y si evitar que los estudiantes y los docentes destac\u00f3 que seguir\u00e1 realizando las inspecciones constantemente para evitar que no se apliquen las medidas sanitarias.<\/p>\n\n\n\n<p class=\"wp-block-paragraph\">Destac\u00f3 que para poder regresar a clases es necesario mantenerse por lo menos cuatro semanas lo cual Poza Rica no logr\u00f3 juntar las semanas necesarias, motivo por el cual no se ha reabierto las escuelas, por lo que estar\u00e1n analizando las opciones de que los alumnos puedan continuar con sus estudios.<\/p>\n","protected":false},"excerpt":{"rendered":"<p>Visitas: 3 Pese a que se hab\u00eda anunciado que el pasado 24 de mayo los estudiantes de los diferentes niveles educativos estar\u00edan regresando a clases, Melisa Hern\u00e1ndez P\u00e9rez, Delegada Regional de la Secretar\u00eda de Educaci\u00f3n de Veracruz (SEV) dijo que en Poza Rica ninguna escuela regresaron a clases presenciales. En entrevista se\u00f1al\u00f3 que debido al [&hellip;]<\/p>\n","protected":false},"author":4,"featured_media":171635,"comment_status":"open","ping_status":"open","sticky":false,"template":"","format":"standard","meta":{"footnotes":""},"categories":[213],"tags":[],"class_list":["post-173856","post","type-post","status-publish","format-standard","has-post-thumbnail","category-poza-rica"],"nelio_content":{"isAutoShareEnabled":true,"autoShareEndMode":"never","automationSources":{"useCustomSentences":false,"customSentences":[]},"followers":[],"suggestedReferences":[],"efiUrl":"","efiAlt":"","highlights":[],"permalinkQueryArgs":[],"series":[]},"_links":{"self":[{"href":"https:\/\/www.enteratever.com\/2023\/wp-json\/wp\/v2\/posts\/173856","targetHints":{"allow":["GET"]}}],"collection":[{"href":"https:\/\/www.enteratever.com\/2023\/wp-json\/wp\/v2\/posts"}],"about":[{"href":"https:\/\/www.enteratever.com\/2023\/wp-json\/wp\/v2\/types\/post"}],"author":[{"embeddable":true,"href":"https:\/\/www.enteratever.com\/2023\/wp-json\/wp\/v2\/users\/4"}],"replies":[{"embeddable":true,"href":"https:\/\/www.enteratever.com\/2023\/wp-json\/wp\/v2\/comments?post=173856"}],"version-history":[{"count":0,"href":"https:\/\/www.enteratever.com\/2023\/wp-json\/wp\/v2\/posts\/173856\/revisions"}],"wp:featuredmedia":[{"embeddable":true,"href":"https:\/\/www.enteratever.com\/2023\/wp-json\/wp\/v2\/media\/171635"}],"wp:attachment":[{"href":"https:\/\/www.enteratever.com\/2023\/wp-json\/wp\/v2\/media?parent=173856"}],"wp:term":[{"taxonomy":"category","embeddable":true,"href":"https:\/\/www.enteratever.com\/2023\/wp-json\/wp\/v2\/categories?post=173856"},{"taxonomy":"post_tag","embeddable":true,"href":"https:\/\/www.enteratever.com\/2023\/wp-json\/wp\/v2\/tags?post=173856"}],"curies":[{"name":"wp","href":"https:\/\/api.w.org\/{rel}","templated":true}]}}