{"id":173840,"date":"2021-05-23T17:30:21","date_gmt":"2021-05-23T17:30:21","guid":{"rendered":"https:\/\/www.enteratever.com\/2023\/candidatos-debaten-por-la-alcaldia\/"},"modified":"2021-05-23T17:30:21","modified_gmt":"2021-05-23T17:30:21","slug":"candidatos-debaten-por-la-alcaldia","status":"publish","type":"post","link":"https:\/\/www.enteratever.com\/2023\/2021\/05\/23\/candidatos-debaten-por-la-alcaldia\/","title":{"rendered":"Candidatos debaten por la alcald\u00eda"},"content":{"rendered":"<p>Visitas: 5<\/p>\n<p class=\"wp-block-paragraph\">Solo siete de los nueve candidatos a la alcald\u00eda de Poza Rica estuvieron participando en el debate que el Organismos P\u00fablicos Locales Electorales (OPLE) organizo a fin de quela ciudadan\u00eda pueda conocer sus propuestas, de las cuales resaltaron el abastecimiento de agua, seguridad, educaci\u00f3n, salud y reactivaci\u00f3n econ\u00f3mica.<\/p>\n\n\n\n<p class=\"wp-block-paragraph\">En punto de las 18:00 horas los aspirantes a la alcald\u00eda comenzaron a proponer ciertas mejoras que estar\u00eda haciendo en el municipio de llegar a la silla, algunos de los candidatos contaban con propuestas sin sentido, pues en si no les daban una soluci\u00f3n a los problemas que actualmente se esta viviendo en el municipio, por lo que varios de los candidatos dejaron mucho que desear.<\/p>\n\n\n\n<p class=\"wp-block-paragraph\">Propuestas como retirar empresas subarrendadas para los servicios que desde el ayuntamiento se hab\u00edan cubierto dando trabajo y derrama econ\u00f3mica a la misma poblaci\u00f3n, donar su salario para poder llevar acabo varios de sus programas que se buscan implementar en el municipio, crear una ciclov\u00eda para que aquellos que utilizan este medio de transporte lo hagan de manera segura, regalar tabletas con internet para reducir el numero de ni\u00f1os y j\u00f3venes que abandonan sus estudios fueron algunas de los proyectos que los candidatos quieren realizar una vez que lleguen al poder.<\/p>\n\n\n\n<p class=\"wp-block-paragraph\">Durante la etapa de r\u00e9plicas trataron temas como la municipalidad de tr\u00e1nsito para ajustar las tarifas elevadas que se tienen hoy en d\u00eda, la cancelaci\u00f3n de algunos contratos con algunas empresas que no prestan sus servicios como deber\u00edan de hacerlo como es el caso de Pasa y NL Technologies, mientras que en contrarr\u00e9plica proponen internet gratuito, algo que ya existe en los parques principales del municipio.<\/p>\n\n\n\n<p class=\"wp-block-paragraph\">En relaci\u00f3n con el tema de seguridad p\u00fablica activar la alerta de g\u00e9nero y crear un centro para mujeres violentadas, pues se\u00f1alaron que en este ultimo a\u00f1o la ciudad hab\u00eda presentado un incremento de casos de violencia, adem\u00e1s de capacitar a los elementos de seguridad para que brinden mas confianza entre la poblaci\u00f3n, al igual que las patrullas no est\u00e9n polarizadas para saber quienes son las personas que se encuentran en estas.<\/p>\n\n\n\n<p class=\"wp-block-paragraph\">El segundo tema a debatir fue pol\u00edtica, gobierno y cultura democr\u00e1tica, resaltando como eje rector del gobierno se\u00f1alando la inclusi\u00f3n de mujeres que les permita trabajar con honestidad, honradez y congruencia, as\u00ed como la creaci\u00f3n de una pol\u00edtica congruente, con la facilidad de que el trabajo lo puedan hacer desde casa para no descuidar a la familia, adem\u00e1s de ense\u00f1arles un oficio que les permita llevar un sustento a sus hogares.<\/p>\n\n\n\n<p class=\"wp-block-paragraph\">Por otra parte, los candidatos aseguraron que sus administraciones ser\u00e1n un gobierno incluyente, tomar en cuenta las necesidades que tiene la comunidad LGBT y otros grupos, al igual estar\u00e1n buscando que los j\u00f3venes tengan mejores oportunidades de empleo en la ciudad sin la necesidad de emigrar a otros estados o pa\u00edses.<\/p>\n\n\n\n<p class=\"wp-block-paragraph\">Cabe destacar que al evento no acudi\u00f3 Eduardo Vel\u00e1zquez Ayala, candidato de la coalici\u00f3n PAN-PRI-PRD y Fernando Remes Garza, de la alianza Morena-PT-PVEM, el debate se llev\u00f3 de manera pac\u00edfica, el cual por motivos de sanitaria al lugar solo pudieron entrar los candidatos, el Ople les solicit\u00f3 no llevar a sus porras para evitar aglomeraciones.<\/p>\n\n\n\n<figure class=\"wp-block-gallery columns-3 wp-block-gallery-1 is-layout-flex wp-block-gallery-is-layout-flex\"><ul class=\"blocks-gallery-grid\"><li class=\"blocks-gallery-item\"><figure><img decoding=\"async\" src=\"https:\/\/www.enteratever.com\/2020\/wp-content\/uploads\/2021\/05\/20BB3D1-1024x1024.jpe\" alt=\"\" data-id=\"46378\" data-full-url=\"https:\/\/www.enteratever.com\/2020\/wp-content\/uploads\/2021\/05\/20BB3D1.jpe\" data-link=\"https:\/\/www.enteratever.com\/?attachment_id=46378\" class=\"wp-image-46378\"\/><\/figure><\/li><li class=\"blocks-gallery-item\"><figure><img decoding=\"async\" src=\"https:\/\/www.enteratever.com\/2020\/wp-content\/uploads\/2021\/05\/2021EV0726-1024x1024.jpeg\" alt=\"\" data-id=\"46379\" data-full-url=\"https:\/\/www.enteratever.com\/2020\/wp-content\/uploads\/2021\/05\/2021EV0726.jpeg\" data-link=\"https:\/\/www.enteratever.com\/?attachment_id=46379\" class=\"wp-image-46379\"\/><\/figure><\/li><li class=\"blocks-gallery-item\"><figure><img decoding=\"async\" src=\"https:\/\/www.enteratever.com\/2020\/wp-content\/uploads\/2021\/05\/2021EV0727-1024x1024.jpeg\" alt=\"\" data-id=\"46380\" data-full-url=\"https:\/\/www.enteratever.com\/2020\/wp-content\/uploads\/2021\/05\/2021EV0727.jpeg\" data-link=\"https:\/\/www.enteratever.com\/?attachment_id=46380\" class=\"wp-image-46380\"\/><\/figure><\/li><li class=\"blocks-gallery-item\"><figure><img decoding=\"async\" src=\"https:\/\/www.enteratever.com\/2020\/wp-content\/uploads\/2021\/05\/2021EV0728-1024x1024.jpeg\" alt=\"\" data-id=\"46381\" data-full-url=\"https:\/\/www.enteratever.com\/2020\/wp-content\/uploads\/2021\/05\/2021EV0728.jpeg\" data-link=\"https:\/\/www.enteratever.com\/?attachment_id=46381\" class=\"wp-image-46381\"\/><\/figure><\/li><\/ul><\/figure>\n","protected":false},"excerpt":{"rendered":"<p>Visitas: 5 Solo siete de los nueve candidatos a la alcald\u00eda de Poza Rica estuvieron participando en el debate que el Organismos P\u00fablicos Locales Electorales (OPLE) organizo a fin de quela ciudadan\u00eda pueda conocer sus propuestas, de las cuales resaltaron el abastecimiento de agua, seguridad, educaci\u00f3n, salud y reactivaci\u00f3n econ\u00f3mica. En punto de las 18:00 [&hellip;]<\/p>\n","protected":false},"author":4,"featured_media":173841,"comment_status":"open","ping_status":"open","sticky":false,"template":"","format":"standard","meta":{"footnotes":""},"categories":[213],"tags":[],"class_list":["post-173840","post","type-post","status-publish","format-standard","has-post-thumbnail","category-poza-rica"],"nelio_content":{"isAutoShareEnabled":true,"autoShareEndMode":"never","automationSources":{"useCustomSentences":false,"customSentences":[]},"followers":[],"suggestedReferences":[],"efiUrl":"","efiAlt":"","highlights":[],"permalinkQueryArgs":[],"series":[]},"_links":{"self":[{"href":"https:\/\/www.enteratever.com\/2023\/wp-json\/wp\/v2\/posts\/173840","targetHints":{"allow":["GET"]}}],"collection":[{"href":"https:\/\/www.enteratever.com\/2023\/wp-json\/wp\/v2\/posts"}],"about":[{"href":"https:\/\/www.enteratever.com\/2023\/wp-json\/wp\/v2\/types\/post"}],"author":[{"embeddable":true,"href":"https:\/\/www.enteratever.com\/2023\/wp-json\/wp\/v2\/users\/4"}],"replies":[{"embeddable":true,"href":"https:\/\/www.enteratever.com\/2023\/wp-json\/wp\/v2\/comments?post=173840"}],"version-history":[{"count":0,"href":"https:\/\/www.enteratever.com\/2023\/wp-json\/wp\/v2\/posts\/173840\/revisions"}],"wp:featuredmedia":[{"embeddable":true,"href":"https:\/\/www.enteratever.com\/2023\/wp-json\/wp\/v2\/media\/173841"}],"wp:attachment":[{"href":"https:\/\/www.enteratever.com\/2023\/wp-json\/wp\/v2\/media?parent=173840"}],"wp:term":[{"taxonomy":"category","embeddable":true,"href":"https:\/\/www.enteratever.com\/2023\/wp-json\/wp\/v2\/categories?post=173840"},{"taxonomy":"post_tag","embeddable":true,"href":"https:\/\/www.enteratever.com\/2023\/wp-json\/wp\/v2\/tags?post=173840"}],"curies":[{"name":"wp","href":"https:\/\/api.w.org\/{rel}","templated":true}]}}