{"id":173830,"date":"2021-05-21T21:20:33","date_gmt":"2021-05-21T21:20:33","guid":{"rendered":"https:\/\/www.enteratever.com\/2023\/balean-a-ito-ibanez\/"},"modified":"2021-05-21T21:20:33","modified_gmt":"2021-05-21T21:20:33","slug":"balean-a-ito-ibanez","status":"publish","type":"post","link":"https:\/\/www.enteratever.com\/2023\/2021\/05\/21\/balean-a-ito-ibanez\/","title":{"rendered":"Balean a Ito Ib\u00e1\u00f1ez"},"content":{"rendered":"<p>Visitas: 0<\/p>\n<p class=\"wp-block-paragraph\">Ito Ib\u00e1\u00f1ez Flores, militante del Partido Movimiento Regeneraci\u00f3n Nacional (Morena), quien fue herido por impacto de bala la ma\u00f1ana de este viernes 21 de mayo, los hechos se registraron sobre la bulevar Adolfo Ruiz Cortines en el cruce de la avenida 20 de Noviembre, a la altura del banco Scotiabank.<\/p>\n\n\n\n<p class=\"wp-block-paragraph\">Trasciende que Ib\u00e1\u00f1ez Flores ven\u00eda de un recorrido con el actual candidato de morena a la alcald\u00eda del municipio Fernando Remes Garza, hasta el momento no se sabe si se trata un ataque, pues ven\u00edan de recorrido que hab\u00edan hecho por las colonias de Poza Rica.<\/p>\n\n\n\n<p class=\"wp-block-paragraph\">De manera extraoficial se dio a conocer que el impacto de bala fue recibido en una de sus piernas, por lo que hicieron el llamado a los n\u00fameros de emergencia los cuales lo canalizaron a la cl\u00ednica Fausto D\u00e1vila Sol\u00eds, donde fue atendido por los doctores, en donde se dio a conocer que se encuentra fuera de peligro.<\/p>\n\n\n\n<p class=\"wp-block-paragraph\">Cande destacar que hasta el momento no de ha lanzado un mensaje por parte de partido a nivel local ni estatal para dar su postura sobre la situaci\u00f3n que se ha vivido en el municipio, pues en las \u00faltimas semanas se han incrementado los ataques a candidatos y militancia de los diferentes partidos en la entidad veracruzana.<\/p>\n\n\n\n<p class=\"wp-block-paragraph\">Ito Ib\u00e1\u00f1ez fue aspirante a la diputaci\u00f3n federal por el V distrito por el Partido de la Revoluci\u00f3n Democr\u00e1tica (PRD) en el a\u00f1o 2015, en la actualidad se encontraba acompa\u00f1ando en su caminar al candidato del partido Morena.<\/p>\n","protected":false},"excerpt":{"rendered":"<p>Visitas: 0 Ito Ib\u00e1\u00f1ez Flores, militante del Partido Movimiento Regeneraci\u00f3n Nacional (Morena), quien fue herido por impacto de bala la ma\u00f1ana de este viernes 21 de mayo, los hechos se registraron sobre la bulevar Adolfo Ruiz Cortines en el cruce de la avenida 20 de Noviembre, a la altura del banco Scotiabank. Trasciende que Ib\u00e1\u00f1ez [&hellip;]<\/p>\n","protected":false},"author":4,"featured_media":173831,"comment_status":"open","ping_status":"open","sticky":false,"template":"","format":"standard","meta":{"footnotes":""},"categories":[213],"tags":[],"class_list":["post-173830","post","type-post","status-publish","format-standard","has-post-thumbnail","category-poza-rica"],"nelio_content":{"isAutoShareEnabled":true,"autoShareEndMode":"never","automationSources":{"useCustomSentences":false,"customSentences":[]},"followers":[],"suggestedReferences":[],"efiUrl":"","efiAlt":"","highlights":[],"permalinkQueryArgs":[],"series":[]},"_links":{"self":[{"href":"https:\/\/www.enteratever.com\/2023\/wp-json\/wp\/v2\/posts\/173830","targetHints":{"allow":["GET"]}}],"collection":[{"href":"https:\/\/www.enteratever.com\/2023\/wp-json\/wp\/v2\/posts"}],"about":[{"href":"https:\/\/www.enteratever.com\/2023\/wp-json\/wp\/v2\/types\/post"}],"author":[{"embeddable":true,"href":"https:\/\/www.enteratever.com\/2023\/wp-json\/wp\/v2\/users\/4"}],"replies":[{"embeddable":true,"href":"https:\/\/www.enteratever.com\/2023\/wp-json\/wp\/v2\/comments?post=173830"}],"version-history":[{"count":0,"href":"https:\/\/www.enteratever.com\/2023\/wp-json\/wp\/v2\/posts\/173830\/revisions"}],"wp:featuredmedia":[{"embeddable":true,"href":"https:\/\/www.enteratever.com\/2023\/wp-json\/wp\/v2\/media\/173831"}],"wp:attachment":[{"href":"https:\/\/www.enteratever.com\/2023\/wp-json\/wp\/v2\/media?parent=173830"}],"wp:term":[{"taxonomy":"category","embeddable":true,"href":"https:\/\/www.enteratever.com\/2023\/wp-json\/wp\/v2\/categories?post=173830"},{"taxonomy":"post_tag","embeddable":true,"href":"https:\/\/www.enteratever.com\/2023\/wp-json\/wp\/v2\/tags?post=173830"}],"curies":[{"name":"wp","href":"https:\/\/api.w.org\/{rel}","templated":true}]}}