{"id":173828,"date":"2021-05-20T23:34:04","date_gmt":"2021-05-20T23:34:04","guid":{"rendered":"https:\/\/www.enteratever.com\/2023\/domo-de-escuela-un-peligro-para-los-ninos\/"},"modified":"2021-05-20T23:34:04","modified_gmt":"2021-05-20T23:34:04","slug":"domo-de-escuela-un-peligro-para-los-ninos","status":"publish","type":"post","link":"https:\/\/www.enteratever.com\/2023\/2021\/05\/20\/domo-de-escuela-un-peligro-para-los-ninos\/","title":{"rendered":"Domo de escuela un peligro para los ni\u00f1os"},"content":{"rendered":"<p>Visitas: 10<\/p>\n<p class=\"wp-block-paragraph\">Poza Rica, Veracruz.- Debido a la falta de mantenimiento el domo de la escuela Primaria Alfonso Arroyo Flores, lo que representa un riego para los menores una vez que regresen a clases por lo que tanto la direcci\u00f3n como el comit\u00e9 de padres de familia solicitaron el apoyo de las autoridades municipales para reparar los da\u00f1os, al igual solicitaron la intervenci\u00f3n del personal de Protecci\u00f3n Civil (PC).<\/p>\n\n\n\n<p class=\"wp-block-paragraph\">Personal de la instituci\u00f3n se\u00f1alaron que debido a que los planteles educativos se han mantenido cerrados debido por la pandemia del Covid-19, se empieza a mostrar las afectaciones que ha dejado est\u00e1 situaci\u00f3n, por lo que se encuentran preocupados por los ni\u00f1os y los docentes que acudir\u00e1n a la escuela, por lo que se est\u00e1 buscando el apoyo para reparar los da\u00f1os.<\/p>\n\n\n\n<p class=\"wp-block-paragraph\">Laura Lidia Gayt\u00e1n Rosales, directora del plantel asegur\u00f3 que no se cuenta con el apoyo de las autoridades, pues en su momento solicitaron la poda de un \u00e1rbol y no se los apoyaron, por lo que son varias las necesidades las que cuenta la escuela, por lo que esperan que ahora s\u00ed les hagan caso.<\/p>\n\n\n\n<p class=\"wp-block-paragraph\">La instituci\u00f3n educativa cuenta con una planilla de 260 alumnos, los cuales est\u00e1n en riesgo ante la falta de inter\u00e9s por parte de las autoridades, que a pesar de que ya le explicaron siguen sin a tender a su llamado, por lo que esperan que no suceda alguna tragedia que lamentar.<\/p>\n\n\n\n<p class=\"wp-block-paragraph\">Cabe destacar que varias de las escuelas de la ciudad que ya tiene varios a\u00f1os en funci\u00f3n se encuentran en esta situaci\u00f3n, sin embargo, al momento el da\u00f1o que presenta en la estructura es de consideraci\u00f3n por lo cual es importante la pronta intervenci\u00f3n de las autoridades escolares para reparar este da\u00f1o.<\/p>\n\n\n\n<figure class=\"wp-block-gallery columns-1 wp-block-gallery-1 is-layout-flex wp-block-gallery-is-layout-flex\"><ul class=\"blocks-gallery-grid\"><li class=\"blocks-gallery-item\"><figure><img decoding=\"async\" src=\"https:\/\/www.enteratever.com\/2020\/wp-content\/uploads\/2021\/05\/2021EV0711.jpeg\" alt=\"\" data-id=\"46222\" data-full-url=\"https:\/\/www.enteratever.com\/2020\/wp-content\/uploads\/2021\/05\/2021EV0711.jpeg\" data-link=\"https:\/\/www.enteratever.com\/?attachment_id=46222\" class=\"wp-image-46222\"\/><\/figure><\/li><li class=\"blocks-gallery-item\"><figure><img decoding=\"async\" src=\"https:\/\/www.enteratever.com\/2020\/wp-content\/uploads\/2021\/05\/2021EV0710.jpeg\" alt=\"\" data-id=\"46223\" data-full-url=\"https:\/\/www.enteratever.com\/2020\/wp-content\/uploads\/2021\/05\/2021EV0710.jpeg\" data-link=\"https:\/\/www.enteratever.com\/?attachment_id=46223\" class=\"wp-image-46223\"\/><\/figure><\/li><li class=\"blocks-gallery-item\"><figure><img decoding=\"async\" src=\"https:\/\/www.enteratever.com\/2020\/wp-content\/uploads\/2021\/05\/2021EV0709.jpeg\" alt=\"\" data-id=\"46224\" data-full-url=\"https:\/\/www.enteratever.com\/2020\/wp-content\/uploads\/2021\/05\/2021EV0709.jpeg\" data-link=\"https:\/\/www.enteratever.com\/?attachment_id=46224\" class=\"wp-image-46224\"\/><\/figure><\/li><\/ul><\/figure>\n","protected":false},"excerpt":{"rendered":"<p>Visitas: 10 Poza Rica, Veracruz.- Debido a la falta de mantenimiento el domo de la escuela Primaria Alfonso Arroyo Flores, lo que representa un riego para los menores una vez que regresen a clases por lo que tanto la direcci\u00f3n como el comit\u00e9 de padres de familia solicitaron el apoyo de las autoridades municipales para [&hellip;]<\/p>\n","protected":false},"author":4,"featured_media":173829,"comment_status":"open","ping_status":"open","sticky":false,"template":"","format":"standard","meta":{"footnotes":""},"categories":[213],"tags":[],"class_list":["post-173828","post","type-post","status-publish","format-standard","has-post-thumbnail","category-poza-rica"],"nelio_content":{"isAutoShareEnabled":true,"autoShareEndMode":"never","automationSources":{"useCustomSentences":false,"customSentences":[]},"followers":[],"suggestedReferences":[],"efiUrl":"","efiAlt":"","highlights":[],"permalinkQueryArgs":[],"series":[]},"_links":{"self":[{"href":"https:\/\/www.enteratever.com\/2023\/wp-json\/wp\/v2\/posts\/173828","targetHints":{"allow":["GET"]}}],"collection":[{"href":"https:\/\/www.enteratever.com\/2023\/wp-json\/wp\/v2\/posts"}],"about":[{"href":"https:\/\/www.enteratever.com\/2023\/wp-json\/wp\/v2\/types\/post"}],"author":[{"embeddable":true,"href":"https:\/\/www.enteratever.com\/2023\/wp-json\/wp\/v2\/users\/4"}],"replies":[{"embeddable":true,"href":"https:\/\/www.enteratever.com\/2023\/wp-json\/wp\/v2\/comments?post=173828"}],"version-history":[{"count":0,"href":"https:\/\/www.enteratever.com\/2023\/wp-json\/wp\/v2\/posts\/173828\/revisions"}],"wp:featuredmedia":[{"embeddable":true,"href":"https:\/\/www.enteratever.com\/2023\/wp-json\/wp\/v2\/media\/173829"}],"wp:attachment":[{"href":"https:\/\/www.enteratever.com\/2023\/wp-json\/wp\/v2\/media?parent=173828"}],"wp:term":[{"taxonomy":"category","embeddable":true,"href":"https:\/\/www.enteratever.com\/2023\/wp-json\/wp\/v2\/categories?post=173828"},{"taxonomy":"post_tag","embeddable":true,"href":"https:\/\/www.enteratever.com\/2023\/wp-json\/wp\/v2\/tags?post=173828"}],"curies":[{"name":"wp","href":"https:\/\/api.w.org\/{rel}","templated":true}]}}