{"id":173824,"date":"2021-05-20T17:44:29","date_gmt":"2021-05-20T17:44:29","guid":{"rendered":"https:\/\/www.enteratever.com\/2023\/raquel-bonilla-no-aparece-en-las-boletas-electorales\/"},"modified":"2021-05-20T17:44:29","modified_gmt":"2021-05-20T17:44:29","slug":"raquel-bonilla-no-aparece-en-las-boletas-electorales","status":"publish","type":"post","link":"https:\/\/www.enteratever.com\/2023\/2021\/05\/20\/raquel-bonilla-no-aparece-en-las-boletas-electorales\/","title":{"rendered":"Raquel Bonilla no aparece en las boletas electorales"},"content":{"rendered":"<p>Visitas: 3<\/p>\n<p class=\"wp-block-paragraph\"><em>\u2022 En su lugar aparecer Fernando Remes.<\/em><\/p>\n\n\n\n<p class=\"wp-block-paragraph\">Poza Rica, Veracruz.- La actual candidata de la coalici\u00f3n \u201cJuntos Haremos Historia\u201d Raquel Bonilla Herrera no aparece en las boletas electorales, esto debido a que el partido no se pon\u00eda de acuerdo quien ser\u00eda su candidato a la alcald\u00eda de Poza Rica, por lo que se imprimieron sin el nombre de la candidata, en su lugar aparece Fernando Remes Garza, qui\u00e9n en su momento estaba registrado como candidato a la diputaci\u00f3n federal.<\/p>\n\n\n\n<p class=\"wp-block-paragraph\">De acuerdo a fuentes extraoficiales el Pulpo Remes tambi\u00e9n aparece en la boleta como candidato a la alcald\u00eda, por lo que para algunos partidos esto podr\u00eda generar una desventaja ante su contrincante, pues la ciudadan\u00eda podr\u00eda confundirse al votar por un candidato que no los estar\u00e1 representando ante la c\u00e1mara de diputados.<\/p>\n\n\n\n<p class=\"wp-block-paragraph\">Adem\u00e1s de que con este acto busca asegurar el gane de Raquel Bonilla, ya que algo que es cierto que mucha de la poblaci\u00f3n del V distrito se encuentran enojada con ella, por su p\u00e9simo trabajo que estuvo realizando durante el tiempo que fue diputada federal, algunos otros no la conocen y al ver el nombre de un candidato diferente estar\u00e1n regal\u00e1ndole el voto.<\/p>\n\n\n\n<p class=\"wp-block-paragraph\">Es importante mencionar que el \u00d3rgano P\u00fablico Local Electoral (Ople) no fue el culpable de esta situaci\u00f3n, ya que no se contenta con el tiempo suficiente para esperar a que el partido diera a conocer el nombre de su candidato a la diputaci\u00f3n federal y a la alcald\u00eda, por lo que se tom\u00f3 la decisi\u00f3n de poner a Fernando Remes en las dos boletas.<\/p>\n\n\n\n<p class=\"wp-block-paragraph\">La ciudadan\u00eda debe de tener muy presente est\u00e1 situaci\u00f3n cuando salgan a votar, por qu\u00e9 muchos se ir\u00e1n con la idea de que el Pulpo Remes es el candidato a la diputaci\u00f3n federal cuando en verdad \u00e9l est\u00e1 participando por la alcald\u00eda de Poza Rica y qui\u00e9n en verdad est\u00e1 concursando por la diputaci\u00f3n federal es Raquel Bonilla.<\/p>\n","protected":false},"excerpt":{"rendered":"<p>Visitas: 3 \u2022 En su lugar aparecer Fernando Remes. Poza Rica, Veracruz.- La actual candidata de la coalici\u00f3n \u201cJuntos Haremos Historia\u201d Raquel Bonilla Herrera no aparece en las boletas electorales, esto debido a que el partido no se pon\u00eda de acuerdo quien ser\u00eda su candidato a la alcald\u00eda de Poza Rica, por lo que se [&hellip;]<\/p>\n","protected":false},"author":4,"featured_media":173825,"comment_status":"open","ping_status":"open","sticky":false,"template":"","format":"standard","meta":{"footnotes":""},"categories":[213],"tags":[],"class_list":["post-173824","post","type-post","status-publish","format-standard","has-post-thumbnail","category-poza-rica"],"nelio_content":{"isAutoShareEnabled":true,"autoShareEndMode":"never","automationSources":{"useCustomSentences":false,"customSentences":[]},"followers":[],"suggestedReferences":[],"efiUrl":"","efiAlt":"","highlights":[],"permalinkQueryArgs":[],"series":[]},"_links":{"self":[{"href":"https:\/\/www.enteratever.com\/2023\/wp-json\/wp\/v2\/posts\/173824","targetHints":{"allow":["GET"]}}],"collection":[{"href":"https:\/\/www.enteratever.com\/2023\/wp-json\/wp\/v2\/posts"}],"about":[{"href":"https:\/\/www.enteratever.com\/2023\/wp-json\/wp\/v2\/types\/post"}],"author":[{"embeddable":true,"href":"https:\/\/www.enteratever.com\/2023\/wp-json\/wp\/v2\/users\/4"}],"replies":[{"embeddable":true,"href":"https:\/\/www.enteratever.com\/2023\/wp-json\/wp\/v2\/comments?post=173824"}],"version-history":[{"count":0,"href":"https:\/\/www.enteratever.com\/2023\/wp-json\/wp\/v2\/posts\/173824\/revisions"}],"wp:featuredmedia":[{"embeddable":true,"href":"https:\/\/www.enteratever.com\/2023\/wp-json\/wp\/v2\/media\/173825"}],"wp:attachment":[{"href":"https:\/\/www.enteratever.com\/2023\/wp-json\/wp\/v2\/media?parent=173824"}],"wp:term":[{"taxonomy":"category","embeddable":true,"href":"https:\/\/www.enteratever.com\/2023\/wp-json\/wp\/v2\/categories?post=173824"},{"taxonomy":"post_tag","embeddable":true,"href":"https:\/\/www.enteratever.com\/2023\/wp-json\/wp\/v2\/tags?post=173824"}],"curies":[{"name":"wp","href":"https:\/\/api.w.org\/{rel}","templated":true}]}}