{"id":173816,"date":"2021-05-19T22:02:41","date_gmt":"2021-05-19T22:02:41","guid":{"rendered":"https:\/\/www.enteratever.com\/2023\/rechazan-proyectos-del-escultor-miguel-vargas-en-poza-rica\/"},"modified":"2021-05-19T22:02:41","modified_gmt":"2021-05-19T22:02:41","slug":"rechazan-proyectos-del-escultor-miguel-vargas-en-poza-rica","status":"publish","type":"post","link":"https:\/\/www.enteratever.com\/2023\/2021\/05\/19\/rechazan-proyectos-del-escultor-miguel-vargas-en-poza-rica\/","title":{"rendered":"Rechazan proyectos del escultor Miguel Vargas en Poza Rica"},"content":{"rendered":"<p>Visitas: 4<\/p>\n<p class=\"wp-block-paragraph\">Por falta de presupuesto el ayuntamiento de Poza Rica deja dej\u00f3 sin oportunidad al escultor Miguel Vargas Mart\u00ednez, el poder concretar proyectos de construcci\u00f3n de esculturas y obras artistas en diferentes espacios p\u00fablicos y accesos a la ciudad, por lo que esto lo \u00fanico que representa que hace falta de apoyo a la cultura y al arte.<\/p>\n\n\n\n<p class=\"wp-block-paragraph\">En entrevista manifest\u00f3 que desde hace m\u00e1s de un a\u00f1o present\u00f3 a autoridades de la comisi\u00f3n de cultura en Poza Rica las propuestas para construir arcos de bienvenida en la ciudad que busca apostar al turismo como alternativa de desarrollo econ\u00f3mico ante el declive de la industria petrolera.<\/p>\n\n\n\n<p class=\"wp-block-paragraph\">Destac\u00f3 que lamentablemente las autoridades ni siquiera le permitieron dar a conocer el presupuesto y en qu\u00e9 consist\u00eda el proyecto, por lo que sus propuestas que hab\u00eda presentado fueron rechazadas y ante la negatividad el escultor decidi\u00f3 recoger sus maquetas para poder continuar con la gesti\u00f3n ante otras instancias.<\/p>\n\n\n\n<p class=\"wp-block-paragraph\">El escultor coment\u00f3 que si bien el impacto econ\u00f3mico de la pandemia del coronavirus limit\u00f3 diversos aspectos como el arte y la cultura no hubo ni el m\u00e1s m\u00ednimo inter\u00e9s por conocer este proyecto con el que busc\u00f3 contribuir a generar la imagen de este municipio y embellecer con atractivos tur\u00edsticos.<\/p>\n\n\n\n<p class=\"wp-block-paragraph\">Mencion\u00f3 que en el municipio falta visi\u00f3n y analizar cada proyecto que no debe ser minimizado y lament\u00f3 que la cultura y el arte no tengan el mismo apoyo y los gobiernos sigan apostando \u00fanicamente a obras que les generen votos y no abonen al desarrollo cultural y educativo.<\/p>\n\n\n\n<p class=\"wp-block-paragraph\">Cabe destacar que el escultor fue el creador de las esculturas de Los Petroleros en la plaza c\u00edvica de Poza Rica y de \u201cEl Colotero\u201d en \u00c1lamo, por lo que buscaba crear un proyecto que pudiera resaltar al municipio, pero lamentablemente las autoridades encargadas de el tema no le dan la importancia que se le debe de dar.<\/p>\n\n\n\n<figure class=\"wp-block-gallery columns-1 wp-block-gallery-1 is-layout-flex wp-block-gallery-is-layout-flex\"><ul class=\"blocks-gallery-grid\"><li class=\"blocks-gallery-item\"><figure><img decoding=\"async\" src=\"https:\/\/www.enteratever.com\/2020\/wp-content\/uploads\/2021\/05\/2021EV0615.jpeg\" alt=\"\" data-id=\"46005\" data-full-url=\"https:\/\/www.enteratever.com\/2020\/wp-content\/uploads\/2021\/05\/2021EV0615.jpeg\" data-link=\"https:\/\/www.enteratever.com\/?attachment_id=46005\" class=\"wp-image-46005\"\/><\/figure><\/li><li class=\"blocks-gallery-item\"><figure><img decoding=\"async\" src=\"https:\/\/www.enteratever.com\/2020\/wp-content\/uploads\/2021\/05\/2021EV0614.jpeg\" alt=\"\" data-id=\"46006\" data-full-url=\"https:\/\/www.enteratever.com\/2020\/wp-content\/uploads\/2021\/05\/2021EV0614.jpeg\" data-link=\"https:\/\/www.enteratever.com\/?attachment_id=46006\" class=\"wp-image-46006\"\/><\/figure><\/li><li class=\"blocks-gallery-item\"><figure><img decoding=\"async\" src=\"https:\/\/www.enteratever.com\/2020\/wp-content\/uploads\/2021\/05\/2021EV0613.jpeg\" alt=\"\" data-id=\"46007\" data-full-url=\"https:\/\/www.enteratever.com\/2020\/wp-content\/uploads\/2021\/05\/2021EV0613.jpeg\" data-link=\"https:\/\/www.enteratever.com\/?attachment_id=46007\" class=\"wp-image-46007\"\/><\/figure><\/li><\/ul><\/figure>\n","protected":false},"excerpt":{"rendered":"<p>Visitas: 4 Por falta de presupuesto el ayuntamiento de Poza Rica deja dej\u00f3 sin oportunidad al escultor Miguel Vargas Mart\u00ednez, el poder concretar proyectos de construcci\u00f3n de esculturas y obras artistas en diferentes espacios p\u00fablicos y accesos a la ciudad, por lo que esto lo \u00fanico que representa que hace falta de apoyo a la [&hellip;]<\/p>\n","protected":false},"author":4,"featured_media":173817,"comment_status":"open","ping_status":"open","sticky":false,"template":"","format":"standard","meta":{"footnotes":""},"categories":[213],"tags":[],"class_list":["post-173816","post","type-post","status-publish","format-standard","has-post-thumbnail","category-poza-rica"],"nelio_content":{"isAutoShareEnabled":true,"autoShareEndMode":"never","automationSources":{"useCustomSentences":false,"customSentences":[]},"followers":[],"suggestedReferences":[],"efiUrl":"","efiAlt":"","highlights":[],"permalinkQueryArgs":[],"series":[]},"_links":{"self":[{"href":"https:\/\/www.enteratever.com\/2023\/wp-json\/wp\/v2\/posts\/173816","targetHints":{"allow":["GET"]}}],"collection":[{"href":"https:\/\/www.enteratever.com\/2023\/wp-json\/wp\/v2\/posts"}],"about":[{"href":"https:\/\/www.enteratever.com\/2023\/wp-json\/wp\/v2\/types\/post"}],"author":[{"embeddable":true,"href":"https:\/\/www.enteratever.com\/2023\/wp-json\/wp\/v2\/users\/4"}],"replies":[{"embeddable":true,"href":"https:\/\/www.enteratever.com\/2023\/wp-json\/wp\/v2\/comments?post=173816"}],"version-history":[{"count":0,"href":"https:\/\/www.enteratever.com\/2023\/wp-json\/wp\/v2\/posts\/173816\/revisions"}],"wp:featuredmedia":[{"embeddable":true,"href":"https:\/\/www.enteratever.com\/2023\/wp-json\/wp\/v2\/media\/173817"}],"wp:attachment":[{"href":"https:\/\/www.enteratever.com\/2023\/wp-json\/wp\/v2\/media?parent=173816"}],"wp:term":[{"taxonomy":"category","embeddable":true,"href":"https:\/\/www.enteratever.com\/2023\/wp-json\/wp\/v2\/categories?post=173816"},{"taxonomy":"post_tag","embeddable":true,"href":"https:\/\/www.enteratever.com\/2023\/wp-json\/wp\/v2\/tags?post=173816"}],"curies":[{"name":"wp","href":"https:\/\/api.w.org\/{rel}","templated":true}]}}