{"id":173796,"date":"2021-05-15T21:24:15","date_gmt":"2021-05-15T21:24:15","guid":{"rendered":"https:\/\/www.enteratever.com\/2023\/morena-lo-hacemos-todos-en-coatzintla-esteban-ramirez-zepeta\/"},"modified":"2021-05-15T21:24:15","modified_gmt":"2021-05-15T21:24:15","slug":"morena-lo-hacemos-todos-en-coatzintla-esteban-ramirez-zepeta","status":"publish","type":"post","link":"https:\/\/www.enteratever.com\/2023\/2021\/05\/15\/morena-lo-hacemos-todos-en-coatzintla-esteban-ramirez-zepeta\/","title":{"rendered":"\u201cMorena lo hacemos todos en Coatzintla\u201d: Esteban Ram\u00edrez Zepeta"},"content":{"rendered":"<p>Visitas: 3<\/p>\n<p class=\"wp-block-paragraph\">Dirigente Estatal de MORENA respalda a C\u00e9sar Ulises Garc\u00eda V\u00e1zquez a la alcald\u00eda de Coatzintla.<\/p>\n\n\n\n<p class=\"wp-block-paragraph\">Coatzintla, Ver.- Con una gran respuesta de la ciudadan\u00eda coatzinteca, recibieron a Esteban Ram\u00edrez Zepeta, dirigente estatal del Movimiento de Regeneraci\u00f3n Nacional, asegurando que en Coatzintla lleg\u00f3 la cuarta transformaci\u00f3n con C\u00e9sar Ulises Garc\u00eda V\u00e1zquez, candidato a la alcald\u00eda por Morena &#8211; PT y Verde Ecologista.<\/p>\n\n\n\n<p class=\"wp-block-paragraph\">\u201cCoatzintla lo hacemos todos, por eso este 6 de junio vamos juntos con C\u00e9sar Ulises Garc\u00eda V\u00e1zquez, el candidato del pueblo con el partido del pueblo, eso es Morena, sencillez, humildad, trabajo, pero sobre todo ganas de transformar a M\u00e9xico, Veracruz y Coatzintla\u201d coment\u00f3 durante el recorrido por Barrio de Xico, Sector Coatzintla y Adolfo Ruiz Cortines.<\/p>\n\n\n\n<p class=\"wp-block-paragraph\">Por su parte C\u00e9sar Ulises Garc\u00eda V\u00e1zquez, candidato de la alianza \u201c Juntos Hacemos Historia\u201d agradeci\u00f3 la muestra de cari\u00f1o y apoyo de la ciudadan\u00eda coatzinteca, \u201cYa nos conocemos, que digan lo que quieran, su propuesta es difamarnos la de nosotros es el trabajo, nosotros con trabajo matamos grilla y ustedes c\u00f3mo coatzintecos lo saben, trabajando con orgullo y humildad mis padres me sacaron adelante a mi y mis hermanos, tenemos una profesi\u00f3n y as\u00ed hemos podido servir a Coatzintla, con respeto y responsabilidad, se\u00f1al\u00f3 a la poblaci\u00f3n que visitaba casa por casa, una campa\u00f1a cercana a la gente.<\/p>\n\n\n\n<p class=\"wp-block-paragraph\">Los invit\u00f3 a unirse al proyecto de la cuarta transformaci\u00f3n, que va cercano al pueblo, con acciones positivas y que est\u00e1n dejando un gran impacto en la sociedad.<\/p>\n\n\n\n<p class=\"wp-block-paragraph\">Cabe destacar que durante el recorrido particip\u00f3 la candidata a la diputaci\u00f3n local del V Distrito, Cecilia Guevara.<\/p>\n\n\n\n<figure class=\"wp-block-gallery columns-1 wp-block-gallery-1 is-layout-flex wp-block-gallery-is-layout-flex\"><ul class=\"blocks-gallery-grid\"><li class=\"blocks-gallery-item\"><figure><img decoding=\"async\" src=\"https:\/\/www.enteratever.com\/2020\/wp-content\/uploads\/2021\/05\/2021EV0501.jpeg\" alt=\"\" data-id=\"45555\" data-full-url=\"https:\/\/www.enteratever.com\/2020\/wp-content\/uploads\/2021\/05\/2021EV0501.jpeg\" data-link=\"https:\/\/www.enteratever.com\/?attachment_id=45555\" class=\"wp-image-45555\"\/><\/figure><\/li><li class=\"blocks-gallery-item\"><figure><img decoding=\"async\" src=\"https:\/\/www.enteratever.com\/2020\/wp-content\/uploads\/2021\/05\/2021EV0502.jpeg\" alt=\"\" data-id=\"45554\" data-full-url=\"https:\/\/www.enteratever.com\/2020\/wp-content\/uploads\/2021\/05\/2021EV0502.jpeg\" data-link=\"https:\/\/www.enteratever.com\/?attachment_id=45554\" class=\"wp-image-45554\"\/><\/figure><\/li><li class=\"blocks-gallery-item\"><figure><img decoding=\"async\" src=\"https:\/\/www.enteratever.com\/2020\/wp-content\/uploads\/2021\/05\/2021EV0503.jpeg\" alt=\"\" data-id=\"45553\" data-full-url=\"https:\/\/www.enteratever.com\/2020\/wp-content\/uploads\/2021\/05\/2021EV0503.jpeg\" data-link=\"https:\/\/www.enteratever.com\/?attachment_id=45553\" class=\"wp-image-45553\"\/><\/figure><\/li><li class=\"blocks-gallery-item\"><figure><img decoding=\"async\" src=\"https:\/\/www.enteratever.com\/2020\/wp-content\/uploads\/2021\/05\/2021EV0504.jpeg\" alt=\"\" data-id=\"45552\" data-full-url=\"https:\/\/www.enteratever.com\/2020\/wp-content\/uploads\/2021\/05\/2021EV0504.jpeg\" data-link=\"https:\/\/www.enteratever.com\/?attachment_id=45552\" class=\"wp-image-45552\"\/><\/figure><\/li><li class=\"blocks-gallery-item\"><figure><img decoding=\"async\" src=\"https:\/\/www.enteratever.com\/2020\/wp-content\/uploads\/2021\/05\/2021EV0505.jpeg\" alt=\"\" data-id=\"45551\" data-full-url=\"https:\/\/www.enteratever.com\/2020\/wp-content\/uploads\/2021\/05\/2021EV0505.jpeg\" data-link=\"https:\/\/www.enteratever.com\/?attachment_id=45551\" class=\"wp-image-45551\"\/><\/figure><\/li><li class=\"blocks-gallery-item\"><figure><img decoding=\"async\" src=\"https:\/\/www.enteratever.com\/2020\/wp-content\/uploads\/2021\/05\/2021EV0506.jpeg\" alt=\"\" data-id=\"45550\" data-full-url=\"https:\/\/www.enteratever.com\/2020\/wp-content\/uploads\/2021\/05\/2021EV0506.jpeg\" data-link=\"https:\/\/www.enteratever.com\/?attachment_id=45550\" class=\"wp-image-45550\"\/><\/figure><\/li><li class=\"blocks-gallery-item\"><figure><img decoding=\"async\" src=\"https:\/\/www.enteratever.com\/2020\/wp-content\/uploads\/2021\/05\/2021EV0507.jpeg\" alt=\"\" data-id=\"45549\" data-full-url=\"https:\/\/www.enteratever.com\/2020\/wp-content\/uploads\/2021\/05\/2021EV0507.jpeg\" data-link=\"https:\/\/www.enteratever.com\/?attachment_id=45549\" class=\"wp-image-45549\"\/><\/figure><\/li><\/ul><\/figure>\n","protected":false},"excerpt":{"rendered":"<p>Visitas: 3 Dirigente Estatal de MORENA respalda a C\u00e9sar Ulises Garc\u00eda V\u00e1zquez a la alcald\u00eda de Coatzintla. Coatzintla, Ver.- Con una gran respuesta de la ciudadan\u00eda coatzinteca, recibieron a Esteban Ram\u00edrez Zepeta, dirigente estatal del Movimiento de Regeneraci\u00f3n Nacional, asegurando que en Coatzintla lleg\u00f3 la cuarta transformaci\u00f3n con C\u00e9sar Ulises Garc\u00eda V\u00e1zquez, candidato a la [&hellip;]<\/p>\n","protected":false},"author":4,"featured_media":173797,"comment_status":"open","ping_status":"open","sticky":false,"template":"","format":"standard","meta":{"footnotes":""},"categories":[213],"tags":[],"class_list":["post-173796","post","type-post","status-publish","format-standard","has-post-thumbnail","category-poza-rica"],"nelio_content":{"isAutoShareEnabled":true,"autoShareEndMode":"never","automationSources":{"useCustomSentences":false,"customSentences":[]},"followers":[],"suggestedReferences":[],"efiUrl":"","efiAlt":"","highlights":[],"permalinkQueryArgs":[],"series":[]},"_links":{"self":[{"href":"https:\/\/www.enteratever.com\/2023\/wp-json\/wp\/v2\/posts\/173796","targetHints":{"allow":["GET"]}}],"collection":[{"href":"https:\/\/www.enteratever.com\/2023\/wp-json\/wp\/v2\/posts"}],"about":[{"href":"https:\/\/www.enteratever.com\/2023\/wp-json\/wp\/v2\/types\/post"}],"author":[{"embeddable":true,"href":"https:\/\/www.enteratever.com\/2023\/wp-json\/wp\/v2\/users\/4"}],"replies":[{"embeddable":true,"href":"https:\/\/www.enteratever.com\/2023\/wp-json\/wp\/v2\/comments?post=173796"}],"version-history":[{"count":0,"href":"https:\/\/www.enteratever.com\/2023\/wp-json\/wp\/v2\/posts\/173796\/revisions"}],"wp:featuredmedia":[{"embeddable":true,"href":"https:\/\/www.enteratever.com\/2023\/wp-json\/wp\/v2\/media\/173797"}],"wp:attachment":[{"href":"https:\/\/www.enteratever.com\/2023\/wp-json\/wp\/v2\/media?parent=173796"}],"wp:term":[{"taxonomy":"category","embeddable":true,"href":"https:\/\/www.enteratever.com\/2023\/wp-json\/wp\/v2\/categories?post=173796"},{"taxonomy":"post_tag","embeddable":true,"href":"https:\/\/www.enteratever.com\/2023\/wp-json\/wp\/v2\/tags?post=173796"}],"curies":[{"name":"wp","href":"https:\/\/api.w.org\/{rel}","templated":true}]}}