{"id":173772,"date":"2021-05-11T18:35:31","date_gmt":"2021-05-11T18:35:31","guid":{"rendered":"https:\/\/www.enteratever.com\/2023\/militancia-de-morena-utilizan-la-imagen-de-amlo-para-hacer-campana-en-poza-rica\/"},"modified":"2021-05-11T18:35:31","modified_gmt":"2021-05-11T18:35:31","slug":"militancia-de-morena-utilizan-la-imagen-de-amlo-para-hacer-campana-en-poza-rica","status":"publish","type":"post","link":"https:\/\/www.enteratever.com\/2023\/2021\/05\/11\/militancia-de-morena-utilizan-la-imagen-de-amlo-para-hacer-campana-en-poza-rica\/","title":{"rendered":"Militancia de Morena utilizan la imagen de AMLO para hacer campa\u00f1a en Poza Rica"},"content":{"rendered":"<p>Visitas: 1<\/p>\n<p class=\"wp-block-paragraph\">A trav\u00e9s de redes sociales ciudadanos de Poza Rica han denunciado como los militantes del Partido Movimiento Regeneraci\u00f3n Nacional (Morena) est\u00e1n utilizando la imagen de Andr\u00e9s Manuel L\u00f3pez Obrador, un usuario atreves de su red social Facebook subi\u00f3 un video en donde se puede ver a un grupo de militantes utilizar una botarga del presidente de la rep\u00fablica.<\/p>\n\n\n\n<p class=\"wp-block-paragraph\">En el video se puede observar a un grupo de militantes del partido los cuales se encuentran sobre el bulevar Adolfo Ruiz Cortines a la altura del puente del Hueleque en donde una persona se encuentra vestida con una botarga, por lo que esperan que el Organismo P\u00fablico Local Electoral (Ople) y el Instituto Nacional Electoral (INE) intervengan ante esta situaci\u00f3n.<\/p>\n\n\n\n<p class=\"wp-block-paragraph\">Hasta el momento ning\u00fan candidato a los diferentes cargos a elecciones han presentado una denuncia formal ante este tipo de acciones, por lo que la ciudadan\u00eda se\u00f1al\u00f3 que por ley no se puede hacer esto ya que a trav\u00e9s de mensajes subliminales est\u00e1n haciendo referencia que el Andr\u00e9s Manuel L\u00f3pez Obrador estar\u00e1 pareciendo en la boleta.<\/p>\n\n\n\n<figure class=\"wp-block-video\"><video autoplay controls loop src=\"https:\/\/www.enteratever.com\/2020\/wp-content\/uploads\/2021\/05\/WhatsApp-Video-2021-05-11-at-11.46.55.mp4\" playsinline><\/video><\/figure>\n\n\n\n<p class=\"wp-block-paragraph\">Para que las personas se dejen llevar por el efecto AMLO, algo que pas\u00f3 en las elecciones pasadas, por lo que los militantes de Morena se encuentran lucrando con la imagen del presidente, est\u00e1 no es la primera vez que los migrantes utilizan la imagen del presidente de la rep\u00fablica, pues en otros estados ha pasado lo mismo pero los candidatos han salido a dar su postura.<\/p>\n\n\n\n<p class=\"wp-block-paragraph\">Solo queda esperar que las autoridades encargadas en regular este tipo de actos salgan a dar una declaraci\u00f3n y saber si ser\u00e1 sancionado el partido, por andar haciendo campa\u00f1a utilizando la imagen del presidente de la rep\u00fablica, en algunos otros estados se les prohibi\u00f3 utilizar la imagen de AMLO.<\/p>\n","protected":false},"excerpt":{"rendered":"<p>Visitas: 1 A trav\u00e9s de redes sociales ciudadanos de Poza Rica han denunciado como los militantes del Partido Movimiento Regeneraci\u00f3n Nacional (Morena) est\u00e1n utilizando la imagen de Andr\u00e9s Manuel L\u00f3pez Obrador, un usuario atreves de su red social Facebook subi\u00f3 un video en donde se puede ver a un grupo de militantes utilizar una botarga [&hellip;]<\/p>\n","protected":false},"author":4,"featured_media":173773,"comment_status":"open","ping_status":"open","sticky":false,"template":"","format":"standard","meta":{"footnotes":""},"categories":[213],"tags":[],"class_list":["post-173772","post","type-post","status-publish","format-standard","has-post-thumbnail","category-poza-rica"],"nelio_content":{"isAutoShareEnabled":true,"autoShareEndMode":"never","automationSources":{"useCustomSentences":false,"customSentences":[]},"followers":[],"suggestedReferences":[],"efiUrl":"","efiAlt":"","highlights":[],"permalinkQueryArgs":[],"series":[]},"_links":{"self":[{"href":"https:\/\/www.enteratever.com\/2023\/wp-json\/wp\/v2\/posts\/173772","targetHints":{"allow":["GET"]}}],"collection":[{"href":"https:\/\/www.enteratever.com\/2023\/wp-json\/wp\/v2\/posts"}],"about":[{"href":"https:\/\/www.enteratever.com\/2023\/wp-json\/wp\/v2\/types\/post"}],"author":[{"embeddable":true,"href":"https:\/\/www.enteratever.com\/2023\/wp-json\/wp\/v2\/users\/4"}],"replies":[{"embeddable":true,"href":"https:\/\/www.enteratever.com\/2023\/wp-json\/wp\/v2\/comments?post=173772"}],"version-history":[{"count":0,"href":"https:\/\/www.enteratever.com\/2023\/wp-json\/wp\/v2\/posts\/173772\/revisions"}],"wp:featuredmedia":[{"embeddable":true,"href":"https:\/\/www.enteratever.com\/2023\/wp-json\/wp\/v2\/media\/173773"}],"wp:attachment":[{"href":"https:\/\/www.enteratever.com\/2023\/wp-json\/wp\/v2\/media?parent=173772"}],"wp:term":[{"taxonomy":"category","embeddable":true,"href":"https:\/\/www.enteratever.com\/2023\/wp-json\/wp\/v2\/categories?post=173772"},{"taxonomy":"post_tag","embeddable":true,"href":"https:\/\/www.enteratever.com\/2023\/wp-json\/wp\/v2\/tags?post=173772"}],"curies":[{"name":"wp","href":"https:\/\/api.w.org\/{rel}","templated":true}]}}