{"id":173764,"date":"2021-05-11T00:37:16","date_gmt":"2021-05-11T00:37:16","guid":{"rendered":"https:\/\/www.enteratever.com\/2023\/vacunan-a-mas-de-50-reclusos-en-poza-rica\/"},"modified":"2021-05-11T00:37:16","modified_gmt":"2021-05-11T00:37:16","slug":"vacunan-a-mas-de-50-reclusos-en-poza-rica","status":"publish","type":"post","link":"https:\/\/www.enteratever.com\/2023\/2021\/05\/11\/vacunan-a-mas-de-50-reclusos-en-poza-rica\/","title":{"rendered":"Vacunan a m\u00e1s de 50 reclusos en Poza Rica"},"content":{"rendered":"<p>Visitas: 0<\/p>\n<p class=\"wp-block-paragraph\">Durante la ma\u00f1ana de este lunes 10 de mayo m\u00e1s de 50 personas de 50 a\u00f1os y m\u00e1s se encuentran en el Centro de Readaptaci\u00f3n Social (Cereso) recibieron la primera dosis de la vacuna anticovid, esto como parte de la estrategia de vacunaci\u00f3n a nivel nacional as\u00ed lo dio a conocer Emilio Olvera Andrade, delegado regional de Programas Sociales del Bienestar.<\/p>\n\n\n\n<p class=\"wp-block-paragraph\">En entrevista se\u00f1al\u00f3 que personal del sector salud, de bienestar y de la Sedena acudieron al lugar para aplicar las vacunas a las personas que se encuentran en este rango de edades, por lo que de esta manera se estar\u00e1 concluyendo con la jornada de vacunaci\u00f3n de las personas de 50 a\u00f1os y m\u00e1s.<\/p>\n\n\n\n<p class=\"wp-block-paragraph\">Destac\u00f3 que este es el \u00fanico d\u00eda en que se les estar\u00e1 aplicando la vacuna los reos, record\u00f3 que cuando se aplic\u00f3 la vacuna para las personas de 60 a\u00f1os y m\u00e1s, por lo que de acuerdo a como las autoridades lo vayan ordenando es como estar\u00e1n acudiendo al Cereso para vacunas a las personas que as\u00ed lo deseen.<\/p>\n\n\n\n<p class=\"wp-block-paragraph\">Olvera Andrade se\u00f1al\u00f3 que est\u00e9s es el \u00faltimo d\u00eda de la jornada de vacunaci\u00f3n, por lo que de acuerdo al corte del d\u00eda 9 de mayo se tiene registrado que se han aplicado m\u00e1s de 17 mil vacunas, por lo que en este \u00faltimo d\u00eda esperan poder vacunas a la mayor cantidad de personas.<\/p>\n\n\n\n<p class=\"wp-block-paragraph\">Mencion\u00f3 que la jornada de vacunaci\u00f3n se ha venido haciendo de la manera ordenada y la ciudadan\u00eda no ha tenido que realizar filas para poder asegurar su lugar, pues se cumplen con las vacunas necesarias, por lo que agradeci\u00f3 a todos lo que lograron que la jornada de vacunaci\u00f3n se llevara de manera tranquila.<\/p>\n\n\n\n<figure class=\"wp-block-gallery columns-1 wp-block-gallery-1 is-layout-flex wp-block-gallery-is-layout-flex\"><ul class=\"blocks-gallery-grid\"><li class=\"blocks-gallery-item\"><figure><img decoding=\"async\" src=\"https:\/\/www.enteratever.com\/2020\/wp-content\/uploads\/2021\/05\/2021EV0173.jpeg\" alt=\"\" data-id=\"45055\" data-full-url=\"https:\/\/www.enteratever.com\/2020\/wp-content\/uploads\/2021\/05\/2021EV0173.jpeg\" data-link=\"https:\/\/www.enteratever.com\/?attachment_id=45055\" class=\"wp-image-45055\"\/><\/figure><\/li><li class=\"blocks-gallery-item\"><figure><img decoding=\"async\" src=\"https:\/\/www.enteratever.com\/2020\/wp-content\/uploads\/2021\/05\/2021EV0172.jpeg\" alt=\"\" data-id=\"45056\" data-full-url=\"https:\/\/www.enteratever.com\/2020\/wp-content\/uploads\/2021\/05\/2021EV0172.jpeg\" data-link=\"https:\/\/www.enteratever.com\/?attachment_id=45056\" class=\"wp-image-45056\"\/><\/figure><\/li><\/ul><\/figure>\n","protected":false},"excerpt":{"rendered":"<p>Visitas: 0 Durante la ma\u00f1ana de este lunes 10 de mayo m\u00e1s de 50 personas de 50 a\u00f1os y m\u00e1s se encuentran en el Centro de Readaptaci\u00f3n Social (Cereso) recibieron la primera dosis de la vacuna anticovid, esto como parte de la estrategia de vacunaci\u00f3n a nivel nacional as\u00ed lo dio a conocer Emilio Olvera [&hellip;]<\/p>\n","protected":false},"author":4,"featured_media":173765,"comment_status":"open","ping_status":"open","sticky":false,"template":"","format":"standard","meta":{"footnotes":""},"categories":[213],"tags":[],"class_list":["post-173764","post","type-post","status-publish","format-standard","has-post-thumbnail","category-poza-rica"],"nelio_content":{"isAutoShareEnabled":true,"autoShareEndMode":"never","automationSources":{"useCustomSentences":false,"customSentences":[]},"followers":[],"suggestedReferences":[],"efiUrl":"","efiAlt":"","highlights":[],"permalinkQueryArgs":[],"series":[]},"_links":{"self":[{"href":"https:\/\/www.enteratever.com\/2023\/wp-json\/wp\/v2\/posts\/173764","targetHints":{"allow":["GET"]}}],"collection":[{"href":"https:\/\/www.enteratever.com\/2023\/wp-json\/wp\/v2\/posts"}],"about":[{"href":"https:\/\/www.enteratever.com\/2023\/wp-json\/wp\/v2\/types\/post"}],"author":[{"embeddable":true,"href":"https:\/\/www.enteratever.com\/2023\/wp-json\/wp\/v2\/users\/4"}],"replies":[{"embeddable":true,"href":"https:\/\/www.enteratever.com\/2023\/wp-json\/wp\/v2\/comments?post=173764"}],"version-history":[{"count":0,"href":"https:\/\/www.enteratever.com\/2023\/wp-json\/wp\/v2\/posts\/173764\/revisions"}],"wp:featuredmedia":[{"embeddable":true,"href":"https:\/\/www.enteratever.com\/2023\/wp-json\/wp\/v2\/media\/173765"}],"wp:attachment":[{"href":"https:\/\/www.enteratever.com\/2023\/wp-json\/wp\/v2\/media?parent=173764"}],"wp:term":[{"taxonomy":"category","embeddable":true,"href":"https:\/\/www.enteratever.com\/2023\/wp-json\/wp\/v2\/categories?post=173764"},{"taxonomy":"post_tag","embeddable":true,"href":"https:\/\/www.enteratever.com\/2023\/wp-json\/wp\/v2\/tags?post=173764"}],"curies":[{"name":"wp","href":"https:\/\/api.w.org\/{rel}","templated":true}]}}