{"id":173760,"date":"2021-05-10T20:16:52","date_gmt":"2021-05-10T20:16:52","guid":{"rendered":"https:\/\/www.enteratever.com\/2023\/17-mil-personas-han-sido-vacunados-en-esta-primera-etapa\/"},"modified":"2021-05-10T20:16:52","modified_gmt":"2021-05-10T20:16:52","slug":"17-mil-personas-han-sido-vacunados-en-esta-primera-etapa","status":"publish","type":"post","link":"https:\/\/www.enteratever.com\/2023\/2021\/05\/10\/17-mil-personas-han-sido-vacunados-en-esta-primera-etapa\/","title":{"rendered":"17 mil personas han sido vacunados en esta primera etapa"},"content":{"rendered":"<p>Visitas: 0<\/p>\n<p class=\"wp-block-paragraph\">Poza Rica, Veracruz.- Hasta el momento se han vacunado un aproximado de 17 mil personas, por lo que la campa\u00f1a de vacunaci\u00f3n tuvo muy buenos resultados, de acuerdo con Emilio Olvera Andrade, Delegado Regional de Programas Sociales del Bienestar se\u00f1al\u00f3 que la ciudadan\u00eda ha apoyado a qu\u00e9 la campa\u00f1a se lleve de la mejor manera.<\/p>\n\n\n\n<p class=\"wp-block-paragraph\">En entrevista el delegado regional se\u00f1al\u00f3 que se super\u00f3 la meta de las personas que ten\u00edan contemplado, se prev\u00e9 que al culminar la jornada de vacunaci\u00f3n se haya aplicado la dosis a m\u00e1s de 18 mil 500 personas de este municipio, por lo que se han vacunado al 80 por ciento de las personas del rango de edad de 50 a 59 a\u00f1os de edad.<\/p>\n\n\n\n<p class=\"wp-block-paragraph\">Al igual Olvera Andrade inform\u00f3 que tambi\u00e9n se vacun\u00f3 a un total de 109 personas en postraci\u00f3n, que a consecuencia de alguna enfermedad no pudieron asistir a las sedes donde se aplic\u00f3 la vacuna, este sector fue visitado por los integrantes de la brigada Correcaminos.<\/p>\n\n\n\n<p class=\"wp-block-paragraph\">Destac\u00f3 que a\u00fan no cuentan con una fecha para dar inici\u00f3 a la jornada de vacunaci\u00f3n en los municipios de Tihuatl\u00e1n y Coatzintla, por lo que piden a la poblaci\u00f3n ser pacientes, ellos estar\u00e1n avisando cuando y d\u00f3nde deber\u00e1n acudir para recibir su vacuna, pero ellos tienen que esperar a que el sector salud as\u00ed lo indique.<\/p>\n\n\n\n<p class=\"wp-block-paragraph\">Por \u00faltimo dijo que las personas que no pudieron acudir a su vacuna el d\u00eda que les tocaba hoy es el d\u00eda para que se presenten pues tendr\u00e1n hasta las 17:00 horas para acudir a cualquier punto de vacunaci\u00f3n para recibir la primera dosis , record\u00f3 que solo podr\u00e1n acudir los ciudadanos del municipio petrolero y deber\u00e1n acudir con su credencial de elector para comprobar que radican en la ciudad.<\/p>\n\n\n\n<figure class=\"wp-block-gallery columns-1 wp-block-gallery-1 is-layout-flex wp-block-gallery-is-layout-flex\"><ul class=\"blocks-gallery-grid\"><li class=\"blocks-gallery-item\"><figure><img decoding=\"async\" src=\"https:\/\/www.enteratever.com\/2020\/wp-content\/uploads\/2021\/05\/2021EV0157-1.jpeg\" alt=\"\" data-id=\"45035\" data-full-url=\"https:\/\/www.enteratever.com\/2020\/wp-content\/uploads\/2021\/05\/2021EV0157-1.jpeg\" data-link=\"https:\/\/www.enteratever.com\/?attachment_id=45035\" class=\"wp-image-45035\"\/><\/figure><\/li><li class=\"blocks-gallery-item\"><figure><img decoding=\"async\" src=\"https:\/\/www.enteratever.com\/2020\/wp-content\/uploads\/2021\/05\/2021EV0158-1.jpeg\" alt=\"\" data-id=\"45036\" data-full-url=\"https:\/\/www.enteratever.com\/2020\/wp-content\/uploads\/2021\/05\/2021EV0158-1.jpeg\" data-link=\"https:\/\/www.enteratever.com\/?attachment_id=45036\" class=\"wp-image-45036\"\/><\/figure><\/li><li class=\"blocks-gallery-item\"><figure><img decoding=\"async\" src=\"https:\/\/www.enteratever.com\/2020\/wp-content\/uploads\/2021\/05\/2021EV0159-1.jpeg\" alt=\"\" data-id=\"45037\" data-full-url=\"https:\/\/www.enteratever.com\/2020\/wp-content\/uploads\/2021\/05\/2021EV0159-1.jpeg\" data-link=\"https:\/\/www.enteratever.com\/?attachment_id=45037\" class=\"wp-image-45037\"\/><\/figure><\/li><li class=\"blocks-gallery-item\"><figure><img decoding=\"async\" src=\"https:\/\/www.enteratever.com\/2020\/wp-content\/uploads\/2021\/05\/2021EV0160-1.jpeg\" alt=\"\" data-id=\"45038\" data-full-url=\"https:\/\/www.enteratever.com\/2020\/wp-content\/uploads\/2021\/05\/2021EV0160-1.jpeg\" data-link=\"https:\/\/www.enteratever.com\/?attachment_id=45038\" class=\"wp-image-45038\"\/><\/figure><\/li><\/ul><\/figure>\n","protected":false},"excerpt":{"rendered":"<p>Visitas: 0 Poza Rica, Veracruz.- Hasta el momento se han vacunado un aproximado de 17 mil personas, por lo que la campa\u00f1a de vacunaci\u00f3n tuvo muy buenos resultados, de acuerdo con Emilio Olvera Andrade, Delegado Regional de Programas Sociales del Bienestar se\u00f1al\u00f3 que la ciudadan\u00eda ha apoyado a qu\u00e9 la campa\u00f1a se lleve de la [&hellip;]<\/p>\n","protected":false},"author":4,"featured_media":173761,"comment_status":"open","ping_status":"open","sticky":false,"template":"","format":"standard","meta":{"footnotes":""},"categories":[213],"tags":[],"class_list":["post-173760","post","type-post","status-publish","format-standard","has-post-thumbnail","category-poza-rica"],"nelio_content":{"isAutoShareEnabled":true,"autoShareEndMode":"never","automationSources":{"useCustomSentences":false,"customSentences":[]},"followers":[],"suggestedReferences":[],"efiUrl":"","efiAlt":"","highlights":[],"permalinkQueryArgs":[],"series":[]},"_links":{"self":[{"href":"https:\/\/www.enteratever.com\/2023\/wp-json\/wp\/v2\/posts\/173760","targetHints":{"allow":["GET"]}}],"collection":[{"href":"https:\/\/www.enteratever.com\/2023\/wp-json\/wp\/v2\/posts"}],"about":[{"href":"https:\/\/www.enteratever.com\/2023\/wp-json\/wp\/v2\/types\/post"}],"author":[{"embeddable":true,"href":"https:\/\/www.enteratever.com\/2023\/wp-json\/wp\/v2\/users\/4"}],"replies":[{"embeddable":true,"href":"https:\/\/www.enteratever.com\/2023\/wp-json\/wp\/v2\/comments?post=173760"}],"version-history":[{"count":0,"href":"https:\/\/www.enteratever.com\/2023\/wp-json\/wp\/v2\/posts\/173760\/revisions"}],"wp:featuredmedia":[{"embeddable":true,"href":"https:\/\/www.enteratever.com\/2023\/wp-json\/wp\/v2\/media\/173761"}],"wp:attachment":[{"href":"https:\/\/www.enteratever.com\/2023\/wp-json\/wp\/v2\/media?parent=173760"}],"wp:term":[{"taxonomy":"category","embeddable":true,"href":"https:\/\/www.enteratever.com\/2023\/wp-json\/wp\/v2\/categories?post=173760"},{"taxonomy":"post_tag","embeddable":true,"href":"https:\/\/www.enteratever.com\/2023\/wp-json\/wp\/v2\/tags?post=173760"}],"curies":[{"name":"wp","href":"https:\/\/api.w.org\/{rel}","templated":true}]}}