{"id":173752,"date":"2021-05-07T23:31:59","date_gmt":"2021-05-07T23:31:59","guid":{"rendered":"https:\/\/www.enteratever.com\/2023\/florerias-de-poza-rica-esperan-repunte-del-100-durante-el-10-de-mayo\/"},"modified":"2021-05-07T23:31:59","modified_gmt":"2021-05-07T23:31:59","slug":"florerias-de-poza-rica-esperan-repunte-del-100-durante-el-10-de-mayo","status":"publish","type":"post","link":"https:\/\/www.enteratever.com\/2023\/2021\/05\/07\/florerias-de-poza-rica-esperan-repunte-del-100-durante-el-10-de-mayo\/","title":{"rendered":"Florer\u00edas de Poza Rica esperan repunte del 100 % durante el 10 de mayo"},"content":{"rendered":"<p>Visitas: 8<\/p>\n<p class=\"wp-block-paragraph\">Comerciantes que se dedican a la venta de flores esperan que el pr\u00f3ximo 10 de mayo se registre un repunte del 100 por ciento, pues con la apertura de los panteones y que el sem\u00e1foro epidemiol\u00f3gico se mantiene el amarillo esto les permite a los comerciantes poder vender un poco m\u00e1s, por lo que esperan con ans\u00edas esta fecha.<\/p>\n\n\n\n<p class=\"wp-block-paragraph\">De acuerdo con la se\u00f1ora Ana Comerciante del mercado de la burrita, coment\u00f3 que esto la docena de rosas tiene un precio de 150 pesos, y cuenta con arreglos desde los 350 y se pueden hacer de acuerdo al presupuesto del cliente, al igual dijo que este es el momento en el que los hijos y esposos y no cuando est\u00e9n en un pante\u00f3n.<\/p>\n\n\n\n<p class=\"wp-block-paragraph\">Argument\u00f3 que est\u00e1n tratando de mantener los precios, pues saben la situaci\u00f3n tan complicada a la que se est\u00e1 enfrentando el municipio, pero la gente sabe que es una fecha importante y que las familias hacen todo por celebrar a las reinas del hogar, por lo que est\u00e1n implementando estrategias para que sigan aumentando las ventas.<\/p>\n\n\n\n<p class=\"wp-block-paragraph\">La se\u00f1ora Ana dijo que algunas personas ya han acudido a apartar sus arreglos florales para el pr\u00f3ximo 10 de mayo, por lo que agradeci\u00f3 a la sus clientes que durante la pandemia fueron los que se encargaron de que no tuvieran la necesidad de cerrar de manera definitiva, pues 10 a\u00f1os los respalda y eso ha hecho que sigan trabajando.<\/p>\n\n\n\n<p class=\"wp-block-paragraph\">La comerciante manifest\u00f3 que el 14 de febrero tuvieron un importante despunte del 50 por ciento, por lo que no dudan que est\u00e9 10 de mayo no ser\u00e1 la excepci\u00f3n, al igual dijo que el a\u00f1o pasado fue un a\u00f1o muy complicado, pues durante estos meses fue cuando comenzaron los problemas como el desempleo, el cierre de negocios porque as\u00ed lo solicitaron las autoridades.<\/p>\n\n\n\n<p class=\"wp-block-paragraph\">Hacen un llamado a la ciudadan\u00eda en general para que acudan a los comercios de los mercados ya que de esta forma est\u00e1n apoyando a las familia de la ciudad y a la reactivaci\u00f3n econ\u00f3mica, adem\u00e1s de que cuentan con productos de muy buena calidad y frescos, pues todos los comerciantes todos los d\u00edas reciben mercanc\u00eda nueva.<\/p>\n\n\n\n<figure class=\"wp-block-gallery columns-1 is-cropped wp-block-gallery-1 is-layout-flex wp-block-gallery-is-layout-flex\"><ul class=\"blocks-gallery-grid\"><li class=\"blocks-gallery-item\"><figure><img decoding=\"async\" src=\"https:\/\/www.enteratever.com\/2020\/wp-content\/uploads\/2021\/05\/2021EV0136.jpeg\" alt=\"\" data-id=\"44900\" data-full-url=\"https:\/\/www.enteratever.com\/2020\/wp-content\/uploads\/2021\/05\/2021EV0136.jpeg\" data-link=\"https:\/\/www.enteratever.com\/?attachment_id=44900\" class=\"wp-image-44900\"\/><\/figure><\/li><li class=\"blocks-gallery-item\"><figure><img decoding=\"async\" src=\"https:\/\/www.enteratever.com\/2020\/wp-content\/uploads\/2021\/05\/2021EV0135.jpeg\" alt=\"\" data-id=\"44901\" data-full-url=\"https:\/\/www.enteratever.com\/2020\/wp-content\/uploads\/2021\/05\/2021EV0135.jpeg\" data-link=\"https:\/\/www.enteratever.com\/?attachment_id=44901\" class=\"wp-image-44901\"\/><\/figure><\/li><li class=\"blocks-gallery-item\"><figure><img decoding=\"async\" src=\"https:\/\/www.enteratever.com\/2020\/wp-content\/uploads\/2021\/05\/2021EV0134.jpeg\" alt=\"\" data-id=\"44902\" data-full-url=\"https:\/\/www.enteratever.com\/2020\/wp-content\/uploads\/2021\/05\/2021EV0134.jpeg\" data-link=\"https:\/\/www.enteratever.com\/?attachment_id=44902\" class=\"wp-image-44902\"\/><\/figure><\/li><li class=\"blocks-gallery-item\"><figure><img decoding=\"async\" src=\"https:\/\/www.enteratever.com\/2020\/wp-content\/uploads\/2021\/05\/2021EV0133.jpeg\" alt=\"\" data-id=\"44903\" data-full-url=\"https:\/\/www.enteratever.com\/2020\/wp-content\/uploads\/2021\/05\/2021EV0133.jpeg\" data-link=\"https:\/\/www.enteratever.com\/?attachment_id=44903\" class=\"wp-image-44903\"\/><\/figure><\/li><li class=\"blocks-gallery-item\"><figure><img decoding=\"async\" src=\"https:\/\/www.enteratever.com\/2020\/wp-content\/uploads\/2021\/05\/2021EV0132.jpeg\" alt=\"\" data-id=\"44904\" data-full-url=\"https:\/\/www.enteratever.com\/2020\/wp-content\/uploads\/2021\/05\/2021EV0132.jpeg\" data-link=\"https:\/\/www.enteratever.com\/?attachment_id=44904\" class=\"wp-image-44904\"\/><\/figure><\/li><li class=\"blocks-gallery-item\"><figure><img decoding=\"async\" src=\"https:\/\/www.enteratever.com\/2020\/wp-content\/uploads\/2021\/05\/2021EV0131.jpeg\" alt=\"\" data-id=\"44905\" data-full-url=\"https:\/\/www.enteratever.com\/2020\/wp-content\/uploads\/2021\/05\/2021EV0131.jpeg\" data-link=\"https:\/\/www.enteratever.com\/?attachment_id=44905\" class=\"wp-image-44905\"\/><\/figure><\/li><li class=\"blocks-gallery-item\"><figure><img decoding=\"async\" src=\"https:\/\/www.enteratever.com\/2020\/wp-content\/uploads\/2021\/05\/2021EV0130.jpeg\" alt=\"\" data-id=\"44906\" data-full-url=\"https:\/\/www.enteratever.com\/2020\/wp-content\/uploads\/2021\/05\/2021EV0130.jpeg\" data-link=\"https:\/\/www.enteratever.com\/?attachment_id=44906\" class=\"wp-image-44906\"\/><\/figure><\/li><\/ul><\/figure>\n","protected":false},"excerpt":{"rendered":"<p>Visitas: 8 Comerciantes que se dedican a la venta de flores esperan que el pr\u00f3ximo 10 de mayo se registre un repunte del 100 por ciento, pues con la apertura de los panteones y que el sem\u00e1foro epidemiol\u00f3gico se mantiene el amarillo esto les permite a los comerciantes poder vender un poco m\u00e1s, por lo [&hellip;]<\/p>\n","protected":false},"author":4,"featured_media":173753,"comment_status":"open","ping_status":"open","sticky":false,"template":"","format":"standard","meta":{"footnotes":""},"categories":[213],"tags":[],"class_list":["post-173752","post","type-post","status-publish","format-standard","has-post-thumbnail","category-poza-rica"],"nelio_content":{"isAutoShareEnabled":true,"autoShareEndMode":"never","automationSources":{"useCustomSentences":false,"customSentences":[]},"followers":[],"suggestedReferences":[],"efiUrl":"","efiAlt":"","highlights":[],"permalinkQueryArgs":[],"series":[]},"_links":{"self":[{"href":"https:\/\/www.enteratever.com\/2023\/wp-json\/wp\/v2\/posts\/173752","targetHints":{"allow":["GET"]}}],"collection":[{"href":"https:\/\/www.enteratever.com\/2023\/wp-json\/wp\/v2\/posts"}],"about":[{"href":"https:\/\/www.enteratever.com\/2023\/wp-json\/wp\/v2\/types\/post"}],"author":[{"embeddable":true,"href":"https:\/\/www.enteratever.com\/2023\/wp-json\/wp\/v2\/users\/4"}],"replies":[{"embeddable":true,"href":"https:\/\/www.enteratever.com\/2023\/wp-json\/wp\/v2\/comments?post=173752"}],"version-history":[{"count":0,"href":"https:\/\/www.enteratever.com\/2023\/wp-json\/wp\/v2\/posts\/173752\/revisions"}],"wp:featuredmedia":[{"embeddable":true,"href":"https:\/\/www.enteratever.com\/2023\/wp-json\/wp\/v2\/media\/173753"}],"wp:attachment":[{"href":"https:\/\/www.enteratever.com\/2023\/wp-json\/wp\/v2\/media?parent=173752"}],"wp:term":[{"taxonomy":"category","embeddable":true,"href":"https:\/\/www.enteratever.com\/2023\/wp-json\/wp\/v2\/categories?post=173752"},{"taxonomy":"post_tag","embeddable":true,"href":"https:\/\/www.enteratever.com\/2023\/wp-json\/wp\/v2\/tags?post=173752"}],"curies":[{"name":"wp","href":"https:\/\/api.w.org\/{rel}","templated":true}]}}