{"id":173742,"date":"2021-05-06T21:19:00","date_gmt":"2021-05-06T21:19:00","guid":{"rendered":"https:\/\/www.enteratever.com\/2023\/poza-rica-no-se-suma-al-luto-nacional-solicitado-por-el-presidente-de-la-republica\/"},"modified":"2021-05-06T21:19:00","modified_gmt":"2021-05-06T21:19:00","slug":"poza-rica-no-se-suma-al-luto-nacional-solicitado-por-el-presidente-de-la-republica","status":"publish","type":"post","link":"https:\/\/www.enteratever.com\/2023\/2021\/05\/06\/poza-rica-no-se-suma-al-luto-nacional-solicitado-por-el-presidente-de-la-republica\/","title":{"rendered":"Poza Rica no se suma al luto nacional solicitado por el presidente de la Rep\u00fablica"},"content":{"rendered":"<p>Visitas: 3<\/p>\n<p class=\"wp-block-paragraph\">A pesar de que el Presidente de la Rep\u00fablica Mexicana, Andr\u00e9s Manuel L\u00f3pez Obrador decreto luto nacional ante el accidente de la l\u00ednea 12 del metro de la ciudad de M\u00e9xico Poza Rica paso desapercibido, pues de acuerdo al decreto del presidente dijo que la Bandera deber\u00eda ondear a media hasta.<\/p>\n\n\n\n<p class=\"wp-block-paragraph\">El presidente orden\u00f3 que desde el d\u00eda cuatro al seis, sin embargo en el municipio petrolero pas\u00f3 por desapercibido este suceso, a pesar de que Poza Rica cuenta con un distribuidor que desde hace siete a\u00f1os no ha recibido mantenimiento y ya comenz\u00f3 a presentar afectaciones y las autoridades no hacen nada por tratar de mejorar el estado de este.<\/p>\n\n\n\n<p class=\"wp-block-paragraph\">\u201cLos acontecimientos de excepcional importancia para el pa\u00eds, el Presidente de la Rep\u00fablica podr\u00e1 acordar el izamiento de la Bandera Nacional en d\u00edas distintos a los se\u00f1alados en el art\u00edculo anterior. Igual facultad se establece para los Gobernadores de la Entidades Federativas, en casos semejantes dentro de sus respectivas jurisdicciones\u201d, se puede leer en el Art\u00edculo 19 de la Ley sobre el Escudo, la Bandera y el Himno Nacionales.<\/p>\n\n\n\n<figure class=\"wp-block-image size-full\"><img decoding=\"async\" src=\"https:\/\/www.enteratever.com\/2020\/wp-content\/uploads\/2021\/05\/2021EV0105.jpeg\" alt=\"\" class=\"wp-image-44791\"\/><\/figure>\n\n\n\n<p class=\"wp-block-paragraph\">As\u00ed mismo, en \u00e9poca de elecciones, los partidos pol\u00edticos de algunos pa\u00edses suspenden sus campa\u00f1as electorales, pues para ellos no es momento de hacer proselitismo electoral mientras hay familias en duelo, pero en M\u00e9xico ha quienes hasta han lucrado con el dolor de aquellos que perdieron a un familiar con ese terrible accidente.<\/p>\n\n\n\n<p class=\"wp-block-paragraph\">En algunos estados si se sumaron a la indicaci\u00f3n que el presidente de la rep\u00fablica ha solicitado en solidaridad de las familias que en estos momentos est\u00e1n pasando una dif\u00edcil situaci\u00f3n, por lo que es lamentable ver c\u00f3mo las autoridades municipales dejan pasar una situaci\u00f3n tan lamentable cuando en Poza Rica la poblaci\u00f3n est\u00e1 expuesta a una situaci\u00f3n similar con un distribuidor se encuentra en p\u00e9simo estado y las autoridades para tapar las fisuras prefieren pintarlo en lugar de arreglarlo.<\/p>\n","protected":false},"excerpt":{"rendered":"<p>Visitas: 3 A pesar de que el Presidente de la Rep\u00fablica Mexicana, Andr\u00e9s Manuel L\u00f3pez Obrador decreto luto nacional ante el accidente de la l\u00ednea 12 del metro de la ciudad de M\u00e9xico Poza Rica paso desapercibido, pues de acuerdo al decreto del presidente dijo que la Bandera deber\u00eda ondear a media hasta. El presidente [&hellip;]<\/p>\n","protected":false},"author":4,"featured_media":173743,"comment_status":"open","ping_status":"open","sticky":false,"template":"","format":"standard","meta":{"footnotes":""},"categories":[213],"tags":[],"class_list":["post-173742","post","type-post","status-publish","format-standard","has-post-thumbnail","category-poza-rica"],"nelio_content":{"isAutoShareEnabled":true,"autoShareEndMode":"never","automationSources":{"useCustomSentences":false,"customSentences":[]},"followers":[],"suggestedReferences":[],"efiUrl":"","efiAlt":"","highlights":[],"permalinkQueryArgs":[],"series":[]},"_links":{"self":[{"href":"https:\/\/www.enteratever.com\/2023\/wp-json\/wp\/v2\/posts\/173742","targetHints":{"allow":["GET"]}}],"collection":[{"href":"https:\/\/www.enteratever.com\/2023\/wp-json\/wp\/v2\/posts"}],"about":[{"href":"https:\/\/www.enteratever.com\/2023\/wp-json\/wp\/v2\/types\/post"}],"author":[{"embeddable":true,"href":"https:\/\/www.enteratever.com\/2023\/wp-json\/wp\/v2\/users\/4"}],"replies":[{"embeddable":true,"href":"https:\/\/www.enteratever.com\/2023\/wp-json\/wp\/v2\/comments?post=173742"}],"version-history":[{"count":0,"href":"https:\/\/www.enteratever.com\/2023\/wp-json\/wp\/v2\/posts\/173742\/revisions"}],"wp:featuredmedia":[{"embeddable":true,"href":"https:\/\/www.enteratever.com\/2023\/wp-json\/wp\/v2\/media\/173743"}],"wp:attachment":[{"href":"https:\/\/www.enteratever.com\/2023\/wp-json\/wp\/v2\/media?parent=173742"}],"wp:term":[{"taxonomy":"category","embeddable":true,"href":"https:\/\/www.enteratever.com\/2023\/wp-json\/wp\/v2\/categories?post=173742"},{"taxonomy":"post_tag","embeddable":true,"href":"https:\/\/www.enteratever.com\/2023\/wp-json\/wp\/v2\/tags?post=173742"}],"curies":[{"name":"wp","href":"https:\/\/api.w.org\/{rel}","templated":true}]}}