{"id":173740,"date":"2021-05-06T21:15:14","date_gmt":"2021-05-06T21:15:14","guid":{"rendered":"https:\/\/www.enteratever.com\/2023\/jesus-zambrano-asegura-que-candidatos-de-la-alianza-va-por-veracruz-seran-los-ganadores\/"},"modified":"2021-05-06T21:15:14","modified_gmt":"2021-05-06T21:15:14","slug":"jesus-zambrano-asegura-que-candidatos-de-la-alianza-va-por-veracruz-seran-los-ganadores","status":"publish","type":"post","link":"https:\/\/www.enteratever.com\/2023\/2021\/05\/06\/jesus-zambrano-asegura-que-candidatos-de-la-alianza-va-por-veracruz-seran-los-ganadores\/","title":{"rendered":"Jes\u00fas Zambrano asegura que candidatos de la alianza Va por Veracruz ser\u00e1n los ganadores"},"content":{"rendered":"<p>Visitas: 0<\/p>\n<p class=\"wp-block-paragraph\"><em>\u2022 Los candidatos de la colaci\u00f3n son la mejor opci\u00f3n para el V distrito.<\/em><\/p>\n\n\n\n<p class=\"wp-block-paragraph\">A tres d\u00edas de haber dado inicio las campa\u00f1as para la alcald\u00eda de Poza Rica el dirigente nacional del Partido de la Revoluci\u00f3n Democr\u00e1tica (PRD), Jes\u00fas Zambrano Grijalva acudi\u00f3 al municipio petrolero para dar el respaldo al candidato a la alcald\u00eda de la alianza \u201cVa por Veracruz\u201d Lalo Vel\u00e1zquez, durante su mensaje dijo que en Veracruz y en la zona norte cuentan con las mejores opciones y est\u00e1n seguros que el pr\u00f3ximo seis de junio arrasaran, pues la ciudadan\u00eda ya abri\u00f3 los ojos.<\/p>\n\n\n\n<p class=\"wp-block-paragraph\">En entrevista se\u00f1al\u00f3 que est\u00e1s campa\u00f1as estas son consideradas las elecciones m\u00e1s importantes y grande en la historia moderna del pa\u00eds, ya que se estar\u00e1n tratando de frenar el hundimiento del pa\u00eds que el actual gobierno tiene al pueblo y que urge revertir por el bien de las familias, es por eso que han dejado las rivalidades que en alg\u00fan momento hubo entre los tres partidos, pues entendieron la importancia de unirse para poder trabajar mejor.<\/p>\n\n\n\n<iframe loading=\"lazy\" src=\"https:\/\/www.facebook.com\/plugins\/video.php?height=314&#038;href=https%3A%2F%2Fwww.facebook.com%2FEnteratevercom%2Fvideos%2F2906054146379794%2F&#038;show_text=false&#038;width=560\" width=\"560\" height=\"314\" style=\"border:none;overflow:hidden\" scrolling=\"no\" frameborder=\"0\" allowfullscreen=\"true\" allow=\"autoplay; clipboard-write; encrypted-media; picture-in-picture; web-share\" allowFullScreen=\"true\"><\/iframe>\n\n\n\n<p class=\"wp-block-paragraph\">Asever\u00f3 que el actual gobierno han dejado a un lado de lado los problemas de seguridad, de desarrollo econ\u00f3mico, la creaci\u00f3n de empleos y oportunidades para el bienestar de la gente, dijo que Morena es el responsable del desastre, de la tragedia que ha dejado m\u00e1s de 500 mil muertes por la pandemia, as\u00ed como el crecimiento desproporcionado de la pobreza y de la impunidad con que operan los grupos criminales en el pa\u00eds.<\/p>\n\n\n\n<p class=\"wp-block-paragraph\">\u201cLa esperanza muere al \u00faltimo\u201d, mencion\u00f3 el dirigente y agrego: \u201cvamos a cobr\u00e1rselo a Morena en las urnas. Agreg\u00f3 que es falso que los legisladores perredistas buscar\u00edan quitar los apoyos sociales, sino por el contrario, recuperar los que fueron eliminados en este Gobierno.<\/p>\n\n\n\n<iframe loading=\"lazy\" src=\"https:\/\/www.facebook.com\/plugins\/video.php?height=314&#038;href=https%3A%2F%2Fwww.facebook.com%2FEnteratevercom%2Fvideos%2F314030103696169%2F&#038;show_text=false&#038;width=560\" width=\"560\" height=\"314\" style=\"border:none;overflow:hidden\" scrolling=\"no\" frameborder=\"0\" allowfullscreen=\"true\" allow=\"autoplay; clipboard-write; encrypted-media; picture-in-picture; web-share\" allowFullScreen=\"true\"><\/iframe>\n\n\n\n<p class=\"wp-block-paragraph\">Por su parte Sergio Cadena, dirigente estatal del PRD, dijo que cuentan con personas preparadas y que sin importar el color de su partido est\u00e1n comprometidos con la ciudadan\u00eda, pues al igual quieren un mejor estado y pa\u00eds, por lo que pidi\u00f3 el apoyo a la ciudadan\u00eda para que el pr\u00f3ximo seis de junio la gente les de el voto de confianza para as\u00ed sacar a los 212 municipios de ese rezago que el actual gobierno ha generado, regresar todos los programas que fueron retirados.<\/p>\n\n\n\n<p class=\"wp-block-paragraph\">Posteriormente se trasladaron a la colonia Prensa Nacional, d\u00f3nde encabezaron un m\u00edtin ante cientos de personas, en d\u00f3nde refrend\u00f3 el llamado a salir a votar el 6 de junio y lograr que Eliza Rivera Elizalde llegue al Congreso de la Uni\u00f3n, as\u00ed como Nadia Fernanda Ram\u00edrez Pineda para lograr revertir las reformas impulsadas por Morena, por ejemplo, la inclusi\u00f3n del delito de ultrajes a la autoridad, que est\u00e1 siendo utilizado como medida de represi\u00f3n.<\/p>\n\n\n\n<figure class=\"wp-block-gallery columns-1 wp-block-gallery-1 is-layout-flex wp-block-gallery-is-layout-flex\"><ul class=\"blocks-gallery-grid\"><li class=\"blocks-gallery-item\"><figure><img decoding=\"async\" src=\"https:\/\/www.enteratever.com\/2020\/wp-content\/uploads\/2021\/05\/2021EV0107.jpeg\" alt=\"\" data-id=\"44784\" data-full-url=\"https:\/\/www.enteratever.com\/2020\/wp-content\/uploads\/2021\/05\/2021EV0107.jpeg\" data-link=\"https:\/\/www.enteratever.com\/?attachment_id=44784\" class=\"wp-image-44784\"\/><\/figure><\/li><li class=\"blocks-gallery-item\"><figure><img decoding=\"async\" src=\"https:\/\/www.enteratever.com\/2020\/wp-content\/uploads\/2021\/05\/2021EV0108.jpeg\" alt=\"\" data-id=\"44785\" data-full-url=\"https:\/\/www.enteratever.com\/2020\/wp-content\/uploads\/2021\/05\/2021EV0108.jpeg\" data-link=\"https:\/\/www.enteratever.com\/?attachment_id=44785\" class=\"wp-image-44785\"\/><\/figure><\/li><li class=\"blocks-gallery-item\"><figure><img decoding=\"async\" src=\"https:\/\/www.enteratever.com\/2020\/wp-content\/uploads\/2021\/05\/2021EV0109.jpeg\" alt=\"\" data-id=\"44786\" data-full-url=\"https:\/\/www.enteratever.com\/2020\/wp-content\/uploads\/2021\/05\/2021EV0109.jpeg\" data-link=\"https:\/\/www.enteratever.com\/?attachment_id=44786\" class=\"wp-image-44786\"\/><\/figure><\/li><li class=\"blocks-gallery-item\"><figure><img decoding=\"async\" src=\"https:\/\/www.enteratever.com\/2020\/wp-content\/uploads\/2021\/05\/2021EV0110.jpeg\" alt=\"\" data-id=\"44787\" data-full-url=\"https:\/\/www.enteratever.com\/2020\/wp-content\/uploads\/2021\/05\/2021EV0110.jpeg\" data-link=\"https:\/\/www.enteratever.com\/?attachment_id=44787\" class=\"wp-image-44787\"\/><\/figure><\/li><li class=\"blocks-gallery-item\"><figure><img decoding=\"async\" src=\"https:\/\/www.enteratever.com\/2020\/wp-content\/uploads\/2021\/05\/2021EV0111.jpeg\" alt=\"\" data-id=\"44788\" data-full-url=\"https:\/\/www.enteratever.com\/2020\/wp-content\/uploads\/2021\/05\/2021EV0111.jpeg\" data-link=\"https:\/\/www.enteratever.com\/?attachment_id=44788\" class=\"wp-image-44788\"\/><\/figure><\/li><\/ul><\/figure>\n","protected":false},"excerpt":{"rendered":"<p>Visitas: 0 \u2022 Los candidatos de la colaci\u00f3n son la mejor opci\u00f3n para el V distrito. A tres d\u00edas de haber dado inicio las campa\u00f1as para la alcald\u00eda de Poza Rica el dirigente nacional del Partido de la Revoluci\u00f3n Democr\u00e1tica (PRD), Jes\u00fas Zambrano Grijalva acudi\u00f3 al municipio petrolero para dar el respaldo al candidato a [&hellip;]<\/p>\n","protected":false},"author":4,"featured_media":173741,"comment_status":"open","ping_status":"open","sticky":false,"template":"","format":"standard","meta":{"footnotes":""},"categories":[213],"tags":[],"class_list":["post-173740","post","type-post","status-publish","format-standard","has-post-thumbnail","category-poza-rica"],"nelio_content":{"isAutoShareEnabled":true,"autoShareEndMode":"never","automationSources":{"useCustomSentences":false,"customSentences":[]},"followers":[],"suggestedReferences":[],"efiUrl":"","efiAlt":"","highlights":[],"permalinkQueryArgs":[],"series":[]},"_links":{"self":[{"href":"https:\/\/www.enteratever.com\/2023\/wp-json\/wp\/v2\/posts\/173740","targetHints":{"allow":["GET"]}}],"collection":[{"href":"https:\/\/www.enteratever.com\/2023\/wp-json\/wp\/v2\/posts"}],"about":[{"href":"https:\/\/www.enteratever.com\/2023\/wp-json\/wp\/v2\/types\/post"}],"author":[{"embeddable":true,"href":"https:\/\/www.enteratever.com\/2023\/wp-json\/wp\/v2\/users\/4"}],"replies":[{"embeddable":true,"href":"https:\/\/www.enteratever.com\/2023\/wp-json\/wp\/v2\/comments?post=173740"}],"version-history":[{"count":0,"href":"https:\/\/www.enteratever.com\/2023\/wp-json\/wp\/v2\/posts\/173740\/revisions"}],"wp:featuredmedia":[{"embeddable":true,"href":"https:\/\/www.enteratever.com\/2023\/wp-json\/wp\/v2\/media\/173741"}],"wp:attachment":[{"href":"https:\/\/www.enteratever.com\/2023\/wp-json\/wp\/v2\/media?parent=173740"}],"wp:term":[{"taxonomy":"category","embeddable":true,"href":"https:\/\/www.enteratever.com\/2023\/wp-json\/wp\/v2\/categories?post=173740"},{"taxonomy":"post_tag","embeddable":true,"href":"https:\/\/www.enteratever.com\/2023\/wp-json\/wp\/v2\/tags?post=173740"}],"curies":[{"name":"wp","href":"https:\/\/api.w.org\/{rel}","templated":true}]}}