{"id":173738,"date":"2021-05-06T17:11:27","date_gmt":"2021-05-06T17:11:27","guid":{"rendered":"https:\/\/www.enteratever.com\/2023\/arranca-jornada-de-vacunas-de-50-y-mas-en-poza-rica\/"},"modified":"2021-05-06T17:11:27","modified_gmt":"2021-05-06T17:11:27","slug":"arranca-jornada-de-vacunas-de-50-y-mas-en-poza-rica","status":"publish","type":"post","link":"https:\/\/www.enteratever.com\/2023\/2021\/05\/06\/arranca-jornada-de-vacunas-de-50-y-mas-en-poza-rica\/","title":{"rendered":"Arranca jornada de vacunas de 50 y m\u00e1s en Poza Rica"},"content":{"rendered":"<p>Visitas: 7<\/p>\n<p class=\"wp-block-paragraph\"><em>\u2022 Se estar\u00e1n aplicando 19 mil vacunas a las personas de 50 a\u00f1os y m\u00e1s.<\/em><\/p>\n\n\n\n<p class=\"wp-block-paragraph\">Poza Rica, Veracruz.- Durante la ma\u00f1ana de este jueves seis de mayo, se comenz\u00f3 la jornada de vacunaci\u00f3n para alas personas de 50 a\u00f1os y m\u00e1s por lo que cientos de ciudadanos llegaron a los diferentes m\u00f3dulos de atenci\u00f3n para ser los primeros en recibir la primera dosis, de acuerdo con Emilio Olvera Andrade, Delegado Regional de Programas Sociales del Bienestar en este primer d\u00eda todo ha transcurrido m\u00e1s r\u00e1pido.<\/p>\n\n\n\n<p class=\"wp-block-paragraph\">En entrevista el delegado regional manifest\u00f3 que se espera aplicar 19 mil vacunas a las personas de 50 a\u00f1os y m\u00e1s en este primer d\u00eda se espera aplicar 5 mil vacunas Pfizer, distribuidas de la siguiente manera: 2 mil en la Plaza C\u00edvica, mil 500 en el Gimnasio Municipal, mil en la Unidad Deportiva Cayetano y 500 en el Centro Comunitario Los Sauces.<\/p>\n\n\n\n<p class=\"wp-block-paragraph\">Se tiene contemplado que en este primer d\u00eda 19 mil adultos de los 23 mil qu\u00e9 se tiene contabilizado en esta ciudad, que equivalen al 80 por ciento de este sector de la poblaci\u00f3n, adem\u00e1s de que tambi\u00e9n se aplicar\u00e1 la vacuna a adultos mayores de 60 a\u00f1os, que no recibieron su dosis en tiempo y forma, por lo que en esta periodo ser\u00e1 el correcto para recibir la primera dosis.<\/p>\n\n\n\n<p class=\"wp-block-paragraph\">Coment\u00f3 que hasta el momento se cuenta con un registro para la vacuna de 16 mil personas, lo que indica la buena respuesta de la poblaci\u00f3n a la jornada de vacunaci\u00f3n, quienes deben presentar al momento de su vacunaci\u00f3n la credencial de elector para corroborar su domicilio en esta ciudad o en su caso un comprobante de domicilio a su nombre y su folio.<\/p>\n\n\n\n<p class=\"wp-block-paragraph\">Por \u00faltimo dijo que la aplicaci\u00f3n de la vacuna ser\u00e1 por letra del primer apellido: jueves 6 de mayo letras A-E, viernes 7 letras F-J, s\u00e1bado 8 letras K-O, domingo 9 letras P-T y lunes 0 de la U-Z, con previa cita al n\u00famero de tel\u00e9fono 7827770081, en horario de 9:00 a 20:00 horas, de no contar con cita se estar\u00e1 atendiendo en el m\u00f3dulo para que reciban su vacuna.<\/p>\n\n\n\n<figure class=\"wp-block-gallery columns-1 wp-block-gallery-1 is-layout-flex wp-block-gallery-is-layout-flex\"><ul class=\"blocks-gallery-grid\"><li class=\"blocks-gallery-item\"><figure><img decoding=\"async\" src=\"https:\/\/www.enteratever.com\/2020\/wp-content\/uploads\/2021\/05\/Vacuna-Covid-Poza-Rica-59yMas0104.jpeg\" alt=\"\" data-id=\"44731\" data-full-url=\"https:\/\/www.enteratever.com\/2020\/wp-content\/uploads\/2021\/05\/Vacuna-Covid-Poza-Rica-59yMas0104.jpeg\" data-link=\"https:\/\/www.enteratever.com\/?attachment_id=44731\" class=\"wp-image-44731\"\/><\/figure><\/li><li class=\"blocks-gallery-item\"><figure><img decoding=\"async\" src=\"https:\/\/www.enteratever.com\/2020\/wp-content\/uploads\/2021\/05\/Vacuna-Covid-Poza-Rica-59yMas0103.jpeg\" alt=\"\" data-id=\"44732\" data-full-url=\"https:\/\/www.enteratever.com\/2020\/wp-content\/uploads\/2021\/05\/Vacuna-Covid-Poza-Rica-59yMas0103.jpeg\" data-link=\"https:\/\/www.enteratever.com\/?attachment_id=44732\" class=\"wp-image-44732\"\/><\/figure><\/li><li class=\"blocks-gallery-item\"><figure><img decoding=\"async\" src=\"https:\/\/www.enteratever.com\/2020\/wp-content\/uploads\/2021\/05\/Vacuna-Covid-Poza-Rica-59yMas0102.jpeg\" alt=\"\" data-id=\"44734\" data-full-url=\"https:\/\/www.enteratever.com\/2020\/wp-content\/uploads\/2021\/05\/Vacuna-Covid-Poza-Rica-59yMas0102.jpeg\" data-link=\"https:\/\/www.enteratever.com\/?attachment_id=44734\" class=\"wp-image-44734\"\/><\/figure><\/li><li class=\"blocks-gallery-item\"><figure><img decoding=\"async\" src=\"https:\/\/www.enteratever.com\/2020\/wp-content\/uploads\/2021\/05\/Vacuna-Covid-Poza-Rica-59yMas0101.jpeg\" alt=\"\" data-id=\"44735\" data-full-url=\"https:\/\/www.enteratever.com\/2020\/wp-content\/uploads\/2021\/05\/Vacuna-Covid-Poza-Rica-59yMas0101.jpeg\" data-link=\"https:\/\/www.enteratever.com\/?attachment_id=44735\" class=\"wp-image-44735\"\/><\/figure><\/li><li class=\"blocks-gallery-item\"><figure><img decoding=\"async\" src=\"https:\/\/www.enteratever.com\/2020\/wp-content\/uploads\/2021\/05\/Vacuna-Covid-Poza-Rica-59yMas0100.jpeg\" alt=\"\" data-id=\"44736\" data-full-url=\"https:\/\/www.enteratever.com\/2020\/wp-content\/uploads\/2021\/05\/Vacuna-Covid-Poza-Rica-59yMas0100.jpeg\" data-link=\"https:\/\/www.enteratever.com\/?attachment_id=44736\" class=\"wp-image-44736\"\/><\/figure><\/li><li class=\"blocks-gallery-item\"><figure><img decoding=\"async\" src=\"https:\/\/www.enteratever.com\/2020\/wp-content\/uploads\/2021\/05\/Vacuna-Covid-Poza-Rica-59yMas099.jpeg\" alt=\"\" data-id=\"44737\" data-full-url=\"https:\/\/www.enteratever.com\/2020\/wp-content\/uploads\/2021\/05\/Vacuna-Covid-Poza-Rica-59yMas099.jpeg\" data-link=\"https:\/\/www.enteratever.com\/?attachment_id=44737\" class=\"wp-image-44737\"\/><\/figure><\/li><li class=\"blocks-gallery-item\"><figure><img decoding=\"async\" src=\"https:\/\/www.enteratever.com\/2020\/wp-content\/uploads\/2021\/05\/Vacuna-Covid-Poza-Rica-59yMas098.jpeg\" alt=\"\" data-id=\"44738\" data-full-url=\"https:\/\/www.enteratever.com\/2020\/wp-content\/uploads\/2021\/05\/Vacuna-Covid-Poza-Rica-59yMas098.jpeg\" data-link=\"https:\/\/www.enteratever.com\/?attachment_id=44738\" class=\"wp-image-44738\"\/><\/figure><\/li><li class=\"blocks-gallery-item\"><figure><img decoding=\"async\" src=\"https:\/\/www.enteratever.com\/2020\/wp-content\/uploads\/2021\/05\/Vacuna-Covid-Poza-Rica-59yMas097.jpeg\" alt=\"\" data-id=\"44739\" data-full-url=\"https:\/\/www.enteratever.com\/2020\/wp-content\/uploads\/2021\/05\/Vacuna-Covid-Poza-Rica-59yMas097.jpeg\" data-link=\"https:\/\/www.enteratever.com\/?attachment_id=44739\" class=\"wp-image-44739\"\/><\/figure><\/li><li class=\"blocks-gallery-item\"><figure><img decoding=\"async\" src=\"https:\/\/www.enteratever.com\/2020\/wp-content\/uploads\/2021\/05\/Vacuna-Covid-Poza-Rica-59yMas096.jpeg\" alt=\"\" data-id=\"44740\" data-full-url=\"https:\/\/www.enteratever.com\/2020\/wp-content\/uploads\/2021\/05\/Vacuna-Covid-Poza-Rica-59yMas096.jpeg\" data-link=\"https:\/\/www.enteratever.com\/?attachment_id=44740\" class=\"wp-image-44740\"\/><\/figure><\/li><li class=\"blocks-gallery-item\"><figure><img decoding=\"async\" src=\"https:\/\/www.enteratever.com\/2020\/wp-content\/uploads\/2021\/05\/Vacuna-Covid-Poza-Rica-59yMas095.jpeg\" alt=\"\" data-id=\"44741\" data-full-url=\"https:\/\/www.enteratever.com\/2020\/wp-content\/uploads\/2021\/05\/Vacuna-Covid-Poza-Rica-59yMas095.jpeg\" data-link=\"https:\/\/www.enteratever.com\/?attachment_id=44741\" class=\"wp-image-44741\"\/><\/figure><\/li><li class=\"blocks-gallery-item\"><figure><img decoding=\"async\" src=\"https:\/\/www.enteratever.com\/2020\/wp-content\/uploads\/2021\/05\/Vacuna-Covid-Poza-Rica-59yMas094.jpeg\" alt=\"\" data-id=\"44742\" data-full-url=\"https:\/\/www.enteratever.com\/2020\/wp-content\/uploads\/2021\/05\/Vacuna-Covid-Poza-Rica-59yMas094.jpeg\" data-link=\"https:\/\/www.enteratever.com\/?attachment_id=44742\" class=\"wp-image-44742\"\/><\/figure><\/li><\/ul><\/figure>\n","protected":false},"excerpt":{"rendered":"<p>Visitas: 7 \u2022 Se estar\u00e1n aplicando 19 mil vacunas a las personas de 50 a\u00f1os y m\u00e1s. Poza Rica, Veracruz.- Durante la ma\u00f1ana de este jueves seis de mayo, se comenz\u00f3 la jornada de vacunaci\u00f3n para alas personas de 50 a\u00f1os y m\u00e1s por lo que cientos de ciudadanos llegaron a los diferentes m\u00f3dulos de [&hellip;]<\/p>\n","protected":false},"author":4,"featured_media":173739,"comment_status":"open","ping_status":"open","sticky":false,"template":"","format":"standard","meta":{"footnotes":""},"categories":[213],"tags":[],"class_list":["post-173738","post","type-post","status-publish","format-standard","has-post-thumbnail","category-poza-rica"],"nelio_content":{"isAutoShareEnabled":true,"autoShareEndMode":"never","automationSources":{"useCustomSentences":false,"customSentences":[]},"followers":[],"suggestedReferences":[],"efiUrl":"","efiAlt":"","highlights":[],"permalinkQueryArgs":[],"series":[]},"_links":{"self":[{"href":"https:\/\/www.enteratever.com\/2023\/wp-json\/wp\/v2\/posts\/173738","targetHints":{"allow":["GET"]}}],"collection":[{"href":"https:\/\/www.enteratever.com\/2023\/wp-json\/wp\/v2\/posts"}],"about":[{"href":"https:\/\/www.enteratever.com\/2023\/wp-json\/wp\/v2\/types\/post"}],"author":[{"embeddable":true,"href":"https:\/\/www.enteratever.com\/2023\/wp-json\/wp\/v2\/users\/4"}],"replies":[{"embeddable":true,"href":"https:\/\/www.enteratever.com\/2023\/wp-json\/wp\/v2\/comments?post=173738"}],"version-history":[{"count":0,"href":"https:\/\/www.enteratever.com\/2023\/wp-json\/wp\/v2\/posts\/173738\/revisions"}],"wp:featuredmedia":[{"embeddable":true,"href":"https:\/\/www.enteratever.com\/2023\/wp-json\/wp\/v2\/media\/173739"}],"wp:attachment":[{"href":"https:\/\/www.enteratever.com\/2023\/wp-json\/wp\/v2\/media?parent=173738"}],"wp:term":[{"taxonomy":"category","embeddable":true,"href":"https:\/\/www.enteratever.com\/2023\/wp-json\/wp\/v2\/categories?post=173738"},{"taxonomy":"post_tag","embeddable":true,"href":"https:\/\/www.enteratever.com\/2023\/wp-json\/wp\/v2\/tags?post=173738"}],"curies":[{"name":"wp","href":"https:\/\/api.w.org\/{rel}","templated":true}]}}