{"id":173733,"date":"2021-05-05T20:09:30","date_gmt":"2021-05-05T20:09:30","guid":{"rendered":"https:\/\/www.enteratever.com\/2023\/se-duplica-la-demanda-de-aspirantes-de-la-uv-en-poza-rica\/"},"modified":"2021-05-05T20:09:30","modified_gmt":"2021-05-05T20:09:30","slug":"se-duplica-la-demanda-de-aspirantes-de-la-uv-en-poza-rica","status":"publish","type":"post","link":"https:\/\/www.enteratever.com\/2023\/2021\/05\/05\/se-duplica-la-demanda-de-aspirantes-de-la-uv-en-poza-rica\/","title":{"rendered":"Se duplica la demanda de aspirantes de la UV en Poza Rica"},"content":{"rendered":"<p>Visitas: 7<\/p>\n<p class=\"wp-block-paragraph\">Gran demanda por parte de j\u00f3venes a la convocatoria que la Universidad Veracruzana lanz\u00f3 para formar parte de su planilla escolar, pues se duplic\u00f3 la cantidad de j\u00f3venes que est\u00e1n buscando un lugar en la universidad, as\u00ed lo dio a conocer el Vicerrector de la m\u00e1xima casa de estudios en la regi\u00f3n Poza Rica-Tuxpan Jos\u00e9 Luis Alanis M\u00e9ndez dijo que aumento considerablemente.<\/p>\n\n\n\n<p class=\"wp-block-paragraph\">En entrevista el Vicerrector mencion\u00f3 que a finales del mes de mayo se estar\u00e1 aplicando el examen de admisi\u00f3n a un total de cinco mil 273 aspirantes, los cuales deber\u00e1n hacer su prueba para ganarse uno de los dos mil 422 lugares que la m\u00e1xima casa de estudios oferta este a\u00f1o.<\/p>\n\n\n\n<p class=\"wp-block-paragraph\">Destac\u00f3 que en esta regi\u00f3n se contaran con dos sedes que son la facultad de \u00c1rea de T\u00e9cnica y Ciencias Qu\u00edmicas, que cuenta con 2,240 espacios y el \u00c1rea de Ciencias de la Salud que tiene 2,121 espacios, en donde los j\u00f3venes que quieran realizar su examen de manera presencial, los cuales se estar\u00e1 cuidando que se cumplan las medidas sanitarias para evitar poner en riesgo a los j\u00f3venes, al igual se les est\u00e1 dando la opci\u00f3n que sea a trav\u00e9s de l\u00ednea para aquellos que as\u00ed lo consideren conveniente.<\/p>\n\n\n\n<figure class=\"wp-block-image size-full\"><img decoding=\"async\" src=\"https:\/\/www.enteratever.com\/2020\/wp-content\/uploads\/2021\/05\/2021EV083.jpeg\" alt=\"\" class=\"wp-image-44675\"\/><\/figure>\n\n\n\n<p class=\"wp-block-paragraph\">Se\u00f1al\u00f3 que por medidas sanitarias no se permitir\u00e1 ingresar a aspirantes que presenten una temperatura de 37 \u00b0C o mayor , por lo que se contrata con personal para que sean atendidos, mismos que tendr\u00e1n la oportunidad de reagendar su examen ya sea escrito o digital.<\/p>\n\n\n\n<p class=\"wp-block-paragraph\">El examen de ingreso se realizar\u00e1 en las siguientes fechas: de manera presencial se llevar\u00e1 acabo los d\u00edas 22, 23, 29 y 30 de mayo de 2021, en l\u00ednea, desde casa: 24, 25, 26, 27 de mayo de 2021, por lo que exhorto a todos los aspirantes a acudir solos a este examen para evitar aglomeraciones, ya que muchas veces los acompa\u00f1an sus familiares y provocan aglomeraciones lo que podr\u00eda provocar un llamado de las autoridades a cargo de evitar este tipo de situaciones.<\/p>\n","protected":false},"excerpt":{"rendered":"<p>Visitas: 7 Gran demanda por parte de j\u00f3venes a la convocatoria que la Universidad Veracruzana lanz\u00f3 para formar parte de su planilla escolar, pues se duplic\u00f3 la cantidad de j\u00f3venes que est\u00e1n buscando un lugar en la universidad, as\u00ed lo dio a conocer el Vicerrector de la m\u00e1xima casa de estudios en la regi\u00f3n Poza [&hellip;]<\/p>\n","protected":false},"author":4,"featured_media":172212,"comment_status":"open","ping_status":"open","sticky":false,"template":"","format":"standard","meta":{"footnotes":""},"categories":[213],"tags":[],"class_list":["post-173733","post","type-post","status-publish","format-standard","has-post-thumbnail","category-poza-rica"],"nelio_content":{"isAutoShareEnabled":true,"autoShareEndMode":"never","automationSources":{"useCustomSentences":false,"customSentences":[]},"followers":[],"suggestedReferences":[],"efiUrl":"","efiAlt":"","highlights":[],"permalinkQueryArgs":[],"series":[]},"_links":{"self":[{"href":"https:\/\/www.enteratever.com\/2023\/wp-json\/wp\/v2\/posts\/173733","targetHints":{"allow":["GET"]}}],"collection":[{"href":"https:\/\/www.enteratever.com\/2023\/wp-json\/wp\/v2\/posts"}],"about":[{"href":"https:\/\/www.enteratever.com\/2023\/wp-json\/wp\/v2\/types\/post"}],"author":[{"embeddable":true,"href":"https:\/\/www.enteratever.com\/2023\/wp-json\/wp\/v2\/users\/4"}],"replies":[{"embeddable":true,"href":"https:\/\/www.enteratever.com\/2023\/wp-json\/wp\/v2\/comments?post=173733"}],"version-history":[{"count":0,"href":"https:\/\/www.enteratever.com\/2023\/wp-json\/wp\/v2\/posts\/173733\/revisions"}],"wp:featuredmedia":[{"embeddable":true,"href":"https:\/\/www.enteratever.com\/2023\/wp-json\/wp\/v2\/media\/172212"}],"wp:attachment":[{"href":"https:\/\/www.enteratever.com\/2023\/wp-json\/wp\/v2\/media?parent=173733"}],"wp:term":[{"taxonomy":"category","embeddable":true,"href":"https:\/\/www.enteratever.com\/2023\/wp-json\/wp\/v2\/categories?post=173733"},{"taxonomy":"post_tag","embeddable":true,"href":"https:\/\/www.enteratever.com\/2023\/wp-json\/wp\/v2\/tags?post=173733"}],"curies":[{"name":"wp","href":"https:\/\/api.w.org\/{rel}","templated":true}]}}