{"id":173727,"date":"2021-05-04T23:10:07","date_gmt":"2021-05-04T23:10:07","guid":{"rendered":"https:\/\/www.enteratever.com\/2023\/alistan-todo-para-la-jornada-de-vacunacion-de-50-y-mas-en-poza-rica\/"},"modified":"2021-05-04T23:10:07","modified_gmt":"2021-05-04T23:10:07","slug":"alistan-todo-para-la-jornada-de-vacunacion-de-50-y-mas-en-poza-rica","status":"publish","type":"post","link":"https:\/\/www.enteratever.com\/2023\/2021\/05\/04\/alistan-todo-para-la-jornada-de-vacunacion-de-50-y-mas-en-poza-rica\/","title":{"rendered":"Alistan todo para la jornada de vacunaci\u00f3n de 50 y m\u00e1s en Poza Rica"},"content":{"rendered":"<p>Visitas: 0<\/p>\n<p class=\"wp-block-paragraph\">A pocos d\u00edas que arranque la jornada de vacunaci\u00f3n para las personas de 50 a 59 a\u00f1os de edad, por lo que Manuel Huerta Ladr\u00f3n de Guevara estuvo realizando la supervisi\u00f3n de las diferentes sedes en donde los ciudadanos estar\u00e1n recibiendo la primera dosis de la vacuna.<\/p>\n\n\n\n<p class=\"wp-block-paragraph\">En entrevista se\u00f1al\u00f3 que esta Poza Rica y Boca del R\u00edo son los primero municipios en donde ya dar\u00e1 inicio la aplicaci\u00f3n de esta vacuna, adem\u00e1s de que ya est\u00e1n a punto de terminar la segunda jornada de vacunaci\u00f3n de personas de la tercera edad, esto gracias a la organizaci\u00f3n que las oficinas de bienestar han estado haciendo en conjunto con el sector salud.<\/p>\n\n\n\n<p class=\"wp-block-paragraph\">Record\u00f3 que en esta jornada tambi\u00e9n podr\u00e1n ser vacunadas las personas que por alg\u00fan motivo no pudieron recibir la primera dosis, por lo que est\u00e9 es el tiempo para vacunar a los remisos de 60 a\u00f1os y m\u00e1s, se\u00f1al\u00f3 que hasta el momento se han vacunado m\u00e1s de 25 mil personas en el municipio pero a\u00fan falta poblaci\u00f3n que falta y estar\u00e1n otorgando la vacuna para las personas que as\u00ed lo requieran.<\/p>\n\n\n\n<figure class=\"wp-block-image size-full\"><img decoding=\"async\" src=\"https:\/\/www.enteratever.com\/2020\/wp-content\/uploads\/2021\/05\/2021EV041.jpeg\" alt=\"\" class=\"wp-image-44557\"\/><\/figure>\n\n\n\n<p class=\"wp-block-paragraph\">Destac\u00f3 que las personas ya comenzaron a registrarse para recibir la vacuna a trav\u00e9s de la p\u00e1gina www.mivacuna.salud.gob.mx en donde podr\u00e1n registrarse y a ni el regional la oficina otorg\u00f3 un n\u00famero para hacer su registro y recibir una fecha, por lo que deben de llamar y si no contentan volver a insistir pues son muchas las personas que se est\u00e1n registrando.<\/p>\n\n\n\n<p class=\"wp-block-paragraph\">Por su parte Emilio Olvera Andrade Delegado Regional de Programas Sociales del Bienestar, se\u00f1al\u00f3 que en caso de que no le contesten y sea ya el d\u00eda de la aplicaci\u00f3n de la primera dosis podr\u00e1n acudir sin ning\u00fan problema y se les estar\u00e1 asignando una cita para que en ese mismo momento reciban la dosis, estrategia que tambi\u00e9n utilizaron con los de 60 y m\u00e1s.<\/p>\n\n\n\n<p class=\"wp-block-paragraph\">La aplicaci\u00f3n de la vacuna ser\u00e1 a partir del pr\u00f3ximo seis de mayo al 10 de mayo, en las siguientes cedes la Plaza C\u00edvica 18 de marzo, Gimnasio Municipal Miguel Hidalgo, Centro Comunitario Los Sauces y la Unidad Deportiva Cayetano Ledezma, por lo que solicit\u00f3 estar atentos a los comunicados que estar\u00e1n lanzado a trav\u00e9s de las p\u00e1ginas oficiales.<\/p>\n","protected":false},"excerpt":{"rendered":"<p>Visitas: 0 A pocos d\u00edas que arranque la jornada de vacunaci\u00f3n para las personas de 50 a 59 a\u00f1os de edad, por lo que Manuel Huerta Ladr\u00f3n de Guevara estuvo realizando la supervisi\u00f3n de las diferentes sedes en donde los ciudadanos estar\u00e1n recibiendo la primera dosis de la vacuna. En entrevista se\u00f1al\u00f3 que esta Poza [&hellip;]<\/p>\n","protected":false},"author":4,"featured_media":173728,"comment_status":"open","ping_status":"open","sticky":false,"template":"","format":"standard","meta":{"footnotes":""},"categories":[213],"tags":[],"class_list":["post-173727","post","type-post","status-publish","format-standard","has-post-thumbnail","category-poza-rica"],"nelio_content":{"isAutoShareEnabled":true,"autoShareEndMode":"never","automationSources":{"useCustomSentences":false,"customSentences":[]},"followers":[],"suggestedReferences":[],"efiUrl":"","efiAlt":"","highlights":[],"permalinkQueryArgs":[],"series":[]},"_links":{"self":[{"href":"https:\/\/www.enteratever.com\/2023\/wp-json\/wp\/v2\/posts\/173727","targetHints":{"allow":["GET"]}}],"collection":[{"href":"https:\/\/www.enteratever.com\/2023\/wp-json\/wp\/v2\/posts"}],"about":[{"href":"https:\/\/www.enteratever.com\/2023\/wp-json\/wp\/v2\/types\/post"}],"author":[{"embeddable":true,"href":"https:\/\/www.enteratever.com\/2023\/wp-json\/wp\/v2\/users\/4"}],"replies":[{"embeddable":true,"href":"https:\/\/www.enteratever.com\/2023\/wp-json\/wp\/v2\/comments?post=173727"}],"version-history":[{"count":0,"href":"https:\/\/www.enteratever.com\/2023\/wp-json\/wp\/v2\/posts\/173727\/revisions"}],"wp:featuredmedia":[{"embeddable":true,"href":"https:\/\/www.enteratever.com\/2023\/wp-json\/wp\/v2\/media\/173728"}],"wp:attachment":[{"href":"https:\/\/www.enteratever.com\/2023\/wp-json\/wp\/v2\/media?parent=173727"}],"wp:term":[{"taxonomy":"category","embeddable":true,"href":"https:\/\/www.enteratever.com\/2023\/wp-json\/wp\/v2\/categories?post=173727"},{"taxonomy":"post_tag","embeddable":true,"href":"https:\/\/www.enteratever.com\/2023\/wp-json\/wp\/v2\/tags?post=173727"}],"curies":[{"name":"wp","href":"https:\/\/api.w.org\/{rel}","templated":true}]}}