{"id":173719,"date":"2021-05-03T17:49:05","date_gmt":"2021-05-03T17:49:05","guid":{"rendered":"https:\/\/www.enteratever.com\/2023\/alistan-jornada-de-vacuna-para-los-de-50-y-mas\/"},"modified":"2021-05-03T17:49:05","modified_gmt":"2021-05-03T17:49:05","slug":"alistan-jornada-de-vacuna-para-los-de-50-y-mas","status":"publish","type":"post","link":"https:\/\/www.enteratever.com\/2023\/2021\/05\/03\/alistan-jornada-de-vacuna-para-los-de-50-y-mas\/","title":{"rendered":"Alistan jornada de vacuna para los de 50 y m\u00e1s"},"content":{"rendered":"<p>Visitas: 6<\/p>\n<p class=\"wp-block-paragraph\">Poza Rica, Veracruz.- De acuerdo al plan estrat\u00e9gico de vacunaci\u00f3n para las personas de 50 a 59 a\u00f1os la primera dosis en el municipio petrolero se estar\u00e1 aplicando de la semana del seis al 10 de mayo as\u00ed lo dieron a conocer autoridades estatales de la Secretar\u00eda de Salud, en donde tambi\u00e9n se estar\u00e1 aplicando la vacuna aquellas personas mayores de 60 a\u00f1os que por alg\u00fan motivo no pudieran aplicarse la vacuna cuando les tocaba.<\/p>\n\n\n\n<p class=\"wp-block-paragraph\">Durante este fin de semana se dieron a conoce el orden en el que se estar\u00e1 vacunando a las personas de 50 a 59 a\u00f1os de edad, por lo que el jueves seis de mayo se estar\u00e1 aplicando la vacuna de las personas que la incidencia de su apellido sea de la \u201cA\u201d a la \u201cE\u201d, el vienes siete de mayo de la \u201cF\u201d a la \u201cJ\u201d, el s\u00e1bado ocho de mayo de la \u201cK\u201d a la \u201cO\u201d domingo nueve de mayo de la \u201c P\u201d a la \u201cT\u201d y el lunes 10 de mayo de la \u201c U\u201d a la \u201cZ\u201d.<\/p>\n\n\n\n<p class=\"wp-block-paragraph\">Al igual se dio a conocer el n\u00famero de atenci\u00f3n ciudadana en donde podr\u00e1n llamar para que se les asigne un lugar y una fecha para recibir la primera dosis de la vacuna anticovid, el n\u00famero telef\u00f3nico es 782 777 00 81, el cual est\u00e1 al servicio de la poblaci\u00f3n a partir de las 9:00 horas hasta las 20:00 horas, por lo que las personas desde temprana hora han estado hablando para solicitar su cita.<\/p>\n\n\n\n<p class=\"wp-block-paragraph\">Por su parte Emilio Olvera Andrade, delegado regional de Programas Sociales del Bienestar, se\u00f1al\u00f3 que las sedes ser\u00e1n la Plaza C\u00edvica 18 de marzo, Gimnasio Municipal Miguel Hidalgo, Centro Comunitario Los Sauces y la Unidad Deportiva Cayetano Ledezma, por lo que la poblaci\u00f3n debe de estar atenta a los comunicados que en las p\u00e1ginas oficiales est\u00e9n dando.<\/p>\n\n\n\n<p class=\"wp-block-paragraph\">Cabe destacar que el domingo dos de mayo concluy\u00f3 la segunda dosis de la vacuna para las personas de 60 y m\u00e1s, por lo e se estuvieron vacunando a m\u00e1s de 25 mil personas, por lo que asegura contar con vacunas suficientes para todas las personas.<\/p>\n","protected":false},"excerpt":{"rendered":"<p>Visitas: 6 Poza Rica, Veracruz.- De acuerdo al plan estrat\u00e9gico de vacunaci\u00f3n para las personas de 50 a 59 a\u00f1os la primera dosis en el municipio petrolero se estar\u00e1 aplicando de la semana del seis al 10 de mayo as\u00ed lo dieron a conocer autoridades estatales de la Secretar\u00eda de Salud, en donde tambi\u00e9n se [&hellip;]<\/p>\n","protected":false},"author":4,"featured_media":173720,"comment_status":"open","ping_status":"open","sticky":false,"template":"","format":"standard","meta":{"footnotes":""},"categories":[213],"tags":[],"class_list":["post-173719","post","type-post","status-publish","format-standard","has-post-thumbnail","category-poza-rica"],"nelio_content":{"isAutoShareEnabled":true,"autoShareEndMode":"never","automationSources":{"useCustomSentences":false,"customSentences":[]},"followers":[],"suggestedReferences":[],"efiUrl":"","efiAlt":"","highlights":[],"permalinkQueryArgs":[],"series":[]},"_links":{"self":[{"href":"https:\/\/www.enteratever.com\/2023\/wp-json\/wp\/v2\/posts\/173719","targetHints":{"allow":["GET"]}}],"collection":[{"href":"https:\/\/www.enteratever.com\/2023\/wp-json\/wp\/v2\/posts"}],"about":[{"href":"https:\/\/www.enteratever.com\/2023\/wp-json\/wp\/v2\/types\/post"}],"author":[{"embeddable":true,"href":"https:\/\/www.enteratever.com\/2023\/wp-json\/wp\/v2\/users\/4"}],"replies":[{"embeddable":true,"href":"https:\/\/www.enteratever.com\/2023\/wp-json\/wp\/v2\/comments?post=173719"}],"version-history":[{"count":0,"href":"https:\/\/www.enteratever.com\/2023\/wp-json\/wp\/v2\/posts\/173719\/revisions"}],"wp:featuredmedia":[{"embeddable":true,"href":"https:\/\/www.enteratever.com\/2023\/wp-json\/wp\/v2\/media\/173720"}],"wp:attachment":[{"href":"https:\/\/www.enteratever.com\/2023\/wp-json\/wp\/v2\/media?parent=173719"}],"wp:term":[{"taxonomy":"category","embeddable":true,"href":"https:\/\/www.enteratever.com\/2023\/wp-json\/wp\/v2\/categories?post=173719"},{"taxonomy":"post_tag","embeddable":true,"href":"https:\/\/www.enteratever.com\/2023\/wp-json\/wp\/v2\/tags?post=173719"}],"curies":[{"name":"wp","href":"https:\/\/api.w.org\/{rel}","templated":true}]}}