{"id":173711,"date":"2021-04-30T21:23:37","date_gmt":"2021-04-30T21:23:37","guid":{"rendered":"https:\/\/www.enteratever.com\/2023\/el-regreso-a-clases-no-sera-obligatorio-manuel-huerta\/"},"modified":"2021-04-30T21:23:37","modified_gmt":"2021-04-30T21:23:37","slug":"el-regreso-a-clases-no-sera-obligatorio-manuel-huerta","status":"publish","type":"post","link":"https:\/\/www.enteratever.com\/2023\/2021\/04\/30\/el-regreso-a-clases-no-sera-obligatorio-manuel-huerta\/","title":{"rendered":"El regreso a clases no ser\u00e1 obligatorio: Manuel Huerta"},"content":{"rendered":"<p>Visitas: 7<\/p>\n<p class=\"wp-block-paragraph\">\u2022 Ser\u00e1 decisi\u00f3n de los padres si los env\u00edan o no.<\/p>\n\n\n\n<p class=\"wp-block-paragraph\">A pesar de que de acuerdo a la Secretar\u00eda de Educaci\u00f3n P\u00fablica (SEP) dio a conocer que el estado de Veracruz el los alumnos podr\u00edan regresar a clases presenciales el mes de mayo ning\u00fan estudiante estar\u00e1 obligado a ir y si el padre de familia o tutor lo considera podr\u00e1 continuar con su educaci\u00f3n a distancia, manifest\u00f3 el delegado en Veracruz de la Secretar\u00eda de Bienestar, Manuel Huerta Ladr\u00f3n de Guevara.<\/p>\n\n\n\n<p class=\"wp-block-paragraph\">En entrevista dijo que gracias al procesos de vacunaci\u00f3n de tanto adultos mayores como el de docentes esto est\u00e1 permitiendo que se puedan implementar las clases presenciales, pues el \u00edndice de contagios cada vez es menor, lo que permite que los estudiantes retomen sus estudios y as\u00ed ya no presenten retraso en su aprendizaje<\/p>\n\n\n\n<p class=\"wp-block-paragraph\">Cabe destacar que el gobernador del Estado, Cuitl\u00e1huac Garc\u00eda Jim\u00e9nez inform\u00f3 que se mantiene en an\u00e1lisis la posibilidad del regreso a actividades presenciales para el 17 de mayo, aunque no se ha definido y existen peticiones como la del Sindicato Independiente de Regeneraci\u00f3n Magisterial que solicitaron reconsiderar esta posibilidad y que el retorno a las aulas sea en el comienzo del siguiente ciclo escolar.<\/p>\n\n\n\n<p class=\"wp-block-paragraph\">Por su parte el delegado estatal de la Secretar\u00eda de Bienestar, Manuel Huerta Ladr\u00f3n de Guevara indic\u00f3 que todo es voluntario y el regreso a clases. \u201cSi un padre de familia considera que su hijo no debe de ir estar\u00e1 en la libertad de continuar a distancia y los que vayan a presencial se har\u00e1 por grupos\u201d, resalt\u00f3.<\/p>\n\n\n\n<p class=\"wp-block-paragraph\">Si el regreso a clases es durante el mes de mayo la asistencia ser\u00e1 escalonada para que as\u00ed se respeten las medidas sanitarias, se\u00f1al\u00f3 que se encuentran realizando acciones para definir el protocolo sanitario en cada plantel y trabajos en infraestructura para que se tengan instalaciones hidro sanitarias que son indispensables para la higiene y lavado de manos que se recomienda para reducir el riesgo de contagio del covid-19.<\/p>\n\n\n\n<figure class=\"wp-block-gallery columns-0 is-cropped wp-block-gallery-1 is-layout-flex wp-block-gallery-is-layout-flex\"><ul class=\"blocks-gallery-grid\"><\/ul><\/figure>\n","protected":false},"excerpt":{"rendered":"<p>Visitas: 7 \u2022 Ser\u00e1 decisi\u00f3n de los padres si los env\u00edan o no. A pesar de que de acuerdo a la Secretar\u00eda de Educaci\u00f3n P\u00fablica (SEP) dio a conocer que el estado de Veracruz el los alumnos podr\u00edan regresar a clases presenciales el mes de mayo ning\u00fan estudiante estar\u00e1 obligado a ir y si el [&hellip;]<\/p>\n","protected":false},"author":4,"featured_media":173712,"comment_status":"open","ping_status":"open","sticky":false,"template":"","format":"standard","meta":{"footnotes":""},"categories":[213],"tags":[],"class_list":["post-173711","post","type-post","status-publish","format-standard","has-post-thumbnail","category-poza-rica"],"nelio_content":{"isAutoShareEnabled":true,"autoShareEndMode":"never","automationSources":{"useCustomSentences":false,"customSentences":[]},"followers":[],"suggestedReferences":[],"efiUrl":"","efiAlt":"","highlights":[],"permalinkQueryArgs":[],"series":[]},"_links":{"self":[{"href":"https:\/\/www.enteratever.com\/2023\/wp-json\/wp\/v2\/posts\/173711","targetHints":{"allow":["GET"]}}],"collection":[{"href":"https:\/\/www.enteratever.com\/2023\/wp-json\/wp\/v2\/posts"}],"about":[{"href":"https:\/\/www.enteratever.com\/2023\/wp-json\/wp\/v2\/types\/post"}],"author":[{"embeddable":true,"href":"https:\/\/www.enteratever.com\/2023\/wp-json\/wp\/v2\/users\/4"}],"replies":[{"embeddable":true,"href":"https:\/\/www.enteratever.com\/2023\/wp-json\/wp\/v2\/comments?post=173711"}],"version-history":[{"count":0,"href":"https:\/\/www.enteratever.com\/2023\/wp-json\/wp\/v2\/posts\/173711\/revisions"}],"wp:featuredmedia":[{"embeddable":true,"href":"https:\/\/www.enteratever.com\/2023\/wp-json\/wp\/v2\/media\/173712"}],"wp:attachment":[{"href":"https:\/\/www.enteratever.com\/2023\/wp-json\/wp\/v2\/media?parent=173711"}],"wp:term":[{"taxonomy":"category","embeddable":true,"href":"https:\/\/www.enteratever.com\/2023\/wp-json\/wp\/v2\/categories?post=173711"},{"taxonomy":"post_tag","embeddable":true,"href":"https:\/\/www.enteratever.com\/2023\/wp-json\/wp\/v2\/tags?post=173711"}],"curies":[{"name":"wp","href":"https:\/\/api.w.org\/{rel}","templated":true}]}}