{"id":173709,"date":"2021-04-30T19:52:24","date_gmt":"2021-04-30T19:52:24","guid":{"rendered":"https:\/\/www.enteratever.com\/2023\/aplican-mas-de-11-mil-vacunas-a-adultos-mayores-en-poza-rica\/"},"modified":"2021-04-30T19:52:24","modified_gmt":"2021-04-30T19:52:24","slug":"aplican-mas-de-11-mil-vacunas-a-adultos-mayores-en-poza-rica","status":"publish","type":"post","link":"https:\/\/www.enteratever.com\/2023\/2021\/04\/30\/aplican-mas-de-11-mil-vacunas-a-adultos-mayores-en-poza-rica\/","title":{"rendered":"Aplican m\u00e1s de 11 mil vacunas a adultos mayores en Poza Rica"},"content":{"rendered":"<p>Visitas: 5<\/p>\n<p class=\"wp-block-paragraph\">Hasta el momento el corte las vacunas aplicadas es de 11 mil 940 dosis, as\u00ed lo dio a conocer Emilio Olvera Andrade, delegado regional de Programas Sociales del Bienestar, qui\u00e9n dijo que en esta segunda jornada se est\u00e1 realizando de la manera m\u00e1s ordenada posible, por lo que agradece a la poblaci\u00f3n que tambi\u00e9n ha puesto de su parte para que se realice de la mejor manera.<\/p>\n\n\n\n<p class=\"wp-block-paragraph\">En el \u00faltimo corte de sosos aplicadas se tiene el registro de los cuatro puntos de vacunaci\u00f3n que son: Plaza C\u00edvica 18 de marzo, Gimnasio Municipal Miguel Hidalgo, Centro Comunitario Los Sauces y la Unidad Deportiva Cayetano Ledezma.<\/p>\n\n\n\n<p class=\"wp-block-paragraph\">Se tiene contabilizado que en la Plaza c\u00edvica son un total de dos mil 772 dosis aplicadas, en el Gimnasio Municipal, mil 584 vacunas en la unidad deportiva 900 vacunas aplicadas y en el Centro Comunitario se tiene contabilizadas un total de 522, lo que da un total de cinco mil 778, m\u00e1s las seis mil 162 vacunas aplicadas en el primer d\u00eda.<\/p>\n\n\n\n<p class=\"wp-block-paragraph\">Por lo que durante el fin de semana seguir\u00e1n aplicando la vacuna a las personas que les corresponda, por lo que solicitan que sean puntuales en la hora que se les asigna esto para evitar aglomeraciones, record\u00f3 que las personas que requieran una silla de ruedas de les estar\u00e1 brindando para que su estancia sea m\u00e1s c\u00f3moda.<\/p>\n\n\n\n<p class=\"wp-block-paragraph\">Agradeci\u00f3 a todas las personas que forman parte de la jornada, a los estudiantes de la Universidad Veracruzana que est\u00e1n prestando un servicio, al igual a\u00f1os servidores de la naci\u00f3n que no sola mente est\u00e1n en los m\u00f3dulos sino tambi\u00e9n estuvieron llamando a casa una de las personas para entregarles una cita y al sector salud, el cual ha trabajado de m\u00e1s para salvar la vida de millones de ciudadanos.<\/p>\n\n\n\n<figure class=\"wp-block-gallery columns-1 wp-block-gallery-1 is-layout-flex wp-block-gallery-is-layout-flex\"><ul class=\"blocks-gallery-grid\"><li class=\"blocks-gallery-item\"><figure><img decoding=\"async\" src=\"https:\/\/www.enteratever.com\/2020\/wp-content\/uploads\/2021\/04\/WhatsApp-Image-2021-04-30-at-14.44.13.jpeg\" alt=\"\" data-id=\"44227\" data-full-url=\"https:\/\/www.enteratever.com\/2020\/wp-content\/uploads\/2021\/04\/WhatsApp-Image-2021-04-30-at-14.44.13.jpeg\" data-link=\"https:\/\/www.enteratever.com\/?attachment_id=44227\" class=\"wp-image-44227\"\/><\/figure><\/li><li class=\"blocks-gallery-item\"><figure><img decoding=\"async\" src=\"https:\/\/www.enteratever.com\/2020\/wp-content\/uploads\/2021\/04\/WhatsApp-Image-2021-04-30-at-14.44.15.jpeg\" alt=\"\" data-id=\"44228\" data-full-url=\"https:\/\/www.enteratever.com\/2020\/wp-content\/uploads\/2021\/04\/WhatsApp-Image-2021-04-30-at-14.44.15.jpeg\" data-link=\"https:\/\/www.enteratever.com\/?attachment_id=44228\" class=\"wp-image-44228\"\/><\/figure><\/li><\/ul><\/figure>\n","protected":false},"excerpt":{"rendered":"<p>Visitas: 5 Hasta el momento el corte las vacunas aplicadas es de 11 mil 940 dosis, as\u00ed lo dio a conocer Emilio Olvera Andrade, delegado regional de Programas Sociales del Bienestar, qui\u00e9n dijo que en esta segunda jornada se est\u00e1 realizando de la manera m\u00e1s ordenada posible, por lo que agradece a la poblaci\u00f3n que [&hellip;]<\/p>\n","protected":false},"author":4,"featured_media":173710,"comment_status":"open","ping_status":"open","sticky":false,"template":"","format":"standard","meta":{"footnotes":""},"categories":[213],"tags":[],"class_list":["post-173709","post","type-post","status-publish","format-standard","has-post-thumbnail","category-poza-rica"],"nelio_content":{"isAutoShareEnabled":true,"autoShareEndMode":"never","automationSources":{"useCustomSentences":false,"customSentences":[]},"followers":[],"suggestedReferences":[],"efiUrl":"","efiAlt":"","highlights":[],"permalinkQueryArgs":[],"series":[]},"_links":{"self":[{"href":"https:\/\/www.enteratever.com\/2023\/wp-json\/wp\/v2\/posts\/173709","targetHints":{"allow":["GET"]}}],"collection":[{"href":"https:\/\/www.enteratever.com\/2023\/wp-json\/wp\/v2\/posts"}],"about":[{"href":"https:\/\/www.enteratever.com\/2023\/wp-json\/wp\/v2\/types\/post"}],"author":[{"embeddable":true,"href":"https:\/\/www.enteratever.com\/2023\/wp-json\/wp\/v2\/users\/4"}],"replies":[{"embeddable":true,"href":"https:\/\/www.enteratever.com\/2023\/wp-json\/wp\/v2\/comments?post=173709"}],"version-history":[{"count":0,"href":"https:\/\/www.enteratever.com\/2023\/wp-json\/wp\/v2\/posts\/173709\/revisions"}],"wp:featuredmedia":[{"embeddable":true,"href":"https:\/\/www.enteratever.com\/2023\/wp-json\/wp\/v2\/media\/173710"}],"wp:attachment":[{"href":"https:\/\/www.enteratever.com\/2023\/wp-json\/wp\/v2\/media?parent=173709"}],"wp:term":[{"taxonomy":"category","embeddable":true,"href":"https:\/\/www.enteratever.com\/2023\/wp-json\/wp\/v2\/categories?post=173709"},{"taxonomy":"post_tag","embeddable":true,"href":"https:\/\/www.enteratever.com\/2023\/wp-json\/wp\/v2\/tags?post=173709"}],"curies":[{"name":"wp","href":"https:\/\/api.w.org\/{rel}","templated":true}]}}