{"id":173703,"date":"2021-04-29T19:53:09","date_gmt":"2021-04-29T19:53:09","guid":{"rendered":"https:\/\/www.enteratever.com\/2023\/por-falta-de-interes-amplian-el-plazo-de-reclutamiento-para-observadores-electorales\/"},"modified":"2021-04-29T19:53:09","modified_gmt":"2021-04-29T19:53:09","slug":"por-falta-de-interes-amplian-el-plazo-de-reclutamiento-para-observadores-electorales","status":"publish","type":"post","link":"https:\/\/www.enteratever.com\/2023\/2021\/04\/29\/por-falta-de-interes-amplian-el-plazo-de-reclutamiento-para-observadores-electorales\/","title":{"rendered":"Por falta de inter\u00e9s ampl\u00edan el plazo de reclutamiento para observadores electorales"},"content":{"rendered":"<p>Visitas: 0<\/p>\n<p class=\"wp-block-paragraph\">\u2022 Tiene hasta el siete de mayo para enviar sus papeles.<\/p>\n\n\n\n<p class=\"wp-block-paragraph\">Derivado a la falta de inter\u00e9s por parte de la ciudadan\u00eda para formar parte de los observadores electorales para el pr\u00f3ximo proceso electoral, el Instituto Nacional Electoral (INE) ampli\u00f3 el plazo para que las personas que quieran participar realicen su registro y as\u00ed trabajar y velar que se respete la decisi\u00f3n de la ciudadan\u00eda.<\/p>\n\n\n\n<p class=\"wp-block-paragraph\">Las personas tiene hasta el pr\u00f3ximo siete de mayo para la recepci\u00f3n de solicitudes de las personas, que quieran fungir como observadoras, de acuerdo con Everardo Demetrio P\u00e9rez Guti\u00e9rrez, Consejero Presidente de la 05 Junta Distrital, no cuentan con n\u00famero determinado para ocupar las plazas disponibles de observadores, ya que es a voluntad de los ciudadanos.<\/p>\n\n\n\n<p class=\"wp-block-paragraph\">Hasta el momento se tienen registrados siete personas interesadas en ocupar los puesto, por lo que esperan que la ciudadan\u00eda se anime a participar como en otros a\u00f1os, en donde no ten\u00edan que a largar los plazos, pues exist\u00eda un inter\u00e9s y compromiso de la poblaci\u00f3n, por lo que desconocer el motivo por el cual la ciudadan\u00eda ha tomado la decisi\u00f3n de no querer participar.<\/p>\n\n\n\n<p class=\"wp-block-paragraph\">Se\u00f1al\u00f3 que la decisi\u00f3n de ampliar los plazos son de las mismas organizaciones de la sociedad civil, para poder culminar el registro de quienes desean realizar la observaci\u00f3n y as\u00ed poder comprobar que las elecciones se estar\u00e1n llevando de la manera m\u00e1s transparente.<\/p>\n\n\n\n<p class=\"wp-block-paragraph\">De acuerdo con Jos\u00e9 Roberto Ruiz Salda\u00f1a, Presidente de la Comisi\u00f3n de Capacitaci\u00f3n y Organizaci\u00f3n Electoral, destac\u00f3 que esta determinaci\u00f3n tiene historia, ya que las ampliaciones de plazo en este rubro son una buena costumbre que se realiza en cada proceso electoral que organiza el INE y en esta ocasi\u00f3n el virus del covid-19 fue el que ha ocasionado que la poblaci\u00f3n tema por su salud.<\/p>\n","protected":false},"excerpt":{"rendered":"<p>Visitas: 0 \u2022 Tiene hasta el siete de mayo para enviar sus papeles. Derivado a la falta de inter\u00e9s por parte de la ciudadan\u00eda para formar parte de los observadores electorales para el pr\u00f3ximo proceso electoral, el Instituto Nacional Electoral (INE) ampli\u00f3 el plazo para que las personas que quieran participar realicen su registro y [&hellip;]<\/p>\n","protected":false},"author":4,"featured_media":173704,"comment_status":"open","ping_status":"open","sticky":false,"template":"","format":"standard","meta":{"footnotes":""},"categories":[213],"tags":[],"class_list":["post-173703","post","type-post","status-publish","format-standard","has-post-thumbnail","category-poza-rica"],"nelio_content":{"isAutoShareEnabled":true,"autoShareEndMode":"never","automationSources":{"useCustomSentences":false,"customSentences":[]},"followers":[],"suggestedReferences":[],"efiUrl":"","efiAlt":"","highlights":[],"permalinkQueryArgs":[],"series":[]},"_links":{"self":[{"href":"https:\/\/www.enteratever.com\/2023\/wp-json\/wp\/v2\/posts\/173703","targetHints":{"allow":["GET"]}}],"collection":[{"href":"https:\/\/www.enteratever.com\/2023\/wp-json\/wp\/v2\/posts"}],"about":[{"href":"https:\/\/www.enteratever.com\/2023\/wp-json\/wp\/v2\/types\/post"}],"author":[{"embeddable":true,"href":"https:\/\/www.enteratever.com\/2023\/wp-json\/wp\/v2\/users\/4"}],"replies":[{"embeddable":true,"href":"https:\/\/www.enteratever.com\/2023\/wp-json\/wp\/v2\/comments?post=173703"}],"version-history":[{"count":0,"href":"https:\/\/www.enteratever.com\/2023\/wp-json\/wp\/v2\/posts\/173703\/revisions"}],"wp:featuredmedia":[{"embeddable":true,"href":"https:\/\/www.enteratever.com\/2023\/wp-json\/wp\/v2\/media\/173704"}],"wp:attachment":[{"href":"https:\/\/www.enteratever.com\/2023\/wp-json\/wp\/v2\/media?parent=173703"}],"wp:term":[{"taxonomy":"category","embeddable":true,"href":"https:\/\/www.enteratever.com\/2023\/wp-json\/wp\/v2\/categories?post=173703"},{"taxonomy":"post_tag","embeddable":true,"href":"https:\/\/www.enteratever.com\/2023\/wp-json\/wp\/v2\/tags?post=173703"}],"curies":[{"name":"wp","href":"https:\/\/api.w.org\/{rel}","templated":true}]}}