{"id":173701,"date":"2021-04-29T19:23:17","date_gmt":"2021-04-29T19:23:17","guid":{"rendered":"https:\/\/www.enteratever.com\/2023\/celebran-a-ninos-del-mercado-poza-rica\/"},"modified":"2021-04-29T19:23:17","modified_gmt":"2021-04-29T19:23:17","slug":"celebran-a-ninos-del-mercado-poza-rica","status":"publish","type":"post","link":"https:\/\/www.enteratever.com\/2023\/2021\/04\/29\/celebran-a-ninos-del-mercado-poza-rica\/","title":{"rendered":"Celebran a ni\u00f1os del mercado Poza Rica"},"content":{"rendered":"<p>Visitas: 1<\/p>\n<p class=\"wp-block-paragraph\">A fin de celebrar a los ni\u00f1os del mercado Poza Rica, Marcela Vicencio Galindo, organizadora del evento en conjunto con el sector empresarial, qui\u00e9nes estuvieron recorriendo las instalaciones del centro de abastos para entregar unas pelotas y bolsas de dulces para celebrar una de las fechas m\u00e1s bonitas.<\/p>\n\n\n\n<p class=\"wp-block-paragraph\">En entrevista se\u00f1al\u00f3 que ha sido un a\u00f1o en donde los ni\u00f1os han tenido que aprender a vivir con una pandemia, adem\u00e1s de adaptarse a la nueva normalidad, ha sido meses complicados para todos pero primordialmente para los ni\u00f1os, es por eso que decidieron sumarse y buscar alguna forma de poder festejar a los ni\u00f1os.<\/p>\n\n\n\n<p class=\"wp-block-paragraph\">Fueron m\u00e1s de 200 ni\u00f1os los que recibieron una pelota y una boda de dulces, al igual estuvieron repartiendo a cualquier ni\u00f1o que tuviera su cubrebocas, dijo que debido a la situaci\u00f3n que se vive no se pudo realizar un evento como anteriormente suelen realizar los comerciantes, pues muchos de los que ahora son pap\u00e1s en alg\u00fan momento fueron ni\u00f1os y les toc\u00f3 crecer adentro de los locales de sus pap\u00e1s.<\/p>\n\n\n\n<p class=\"wp-block-paragraph\">De la misma forma felicit\u00f3 a los padres de familia, ya que desde que se cancelaron las clases presenciales los locatarios del mercado Poza Rica han buscado la manera de mantener vigilados a sus hijos y al mismo tiempo comprobar que sus hijos est\u00e1n cumpliendo con sus labores de la escuela, por lo que es algo de admirar.<\/p>\n\n\n\n<p class=\"wp-block-paragraph\">Por otra parte integrantes del evento se\u00f1alaron que este d\u00eda no solo es para los ni\u00f1os sino para la sociedad en general que deben externar y mostrar, su felicidad sin prejuicios y ver la vida desde la perspectiva de los peque\u00f1os, por lo que se siente contenta que a\u00fan existan personas que se sumen a este tipo de acciones que lo \u00fanico que buscan es sacar una sonrisa.<\/p>\n\n\n\n<figure class=\"wp-block-gallery columns-1 wp-block-gallery-1 is-layout-flex wp-block-gallery-is-layout-flex\"><ul class=\"blocks-gallery-grid\"><li class=\"blocks-gallery-item\"><figure><img decoding=\"async\" src=\"https:\/\/www.enteratever.com\/2020\/wp-content\/uploads\/2021\/04\/WhatsApp-Image-2021-04-29-at-14.05.25.jpeg\" alt=\"\" data-id=\"44107\" data-full-url=\"https:\/\/www.enteratever.com\/2020\/wp-content\/uploads\/2021\/04\/WhatsApp-Image-2021-04-29-at-14.05.25.jpeg\" data-link=\"https:\/\/www.enteratever.com\/?attachment_id=44107\" class=\"wp-image-44107\"\/><\/figure><\/li><li class=\"blocks-gallery-item\"><figure><img decoding=\"async\" src=\"https:\/\/www.enteratever.com\/2020\/wp-content\/uploads\/2021\/04\/WhatsApp-Image-2021-04-29-at-14.05.27.jpeg\" alt=\"\" data-id=\"44108\" data-full-url=\"https:\/\/www.enteratever.com\/2020\/wp-content\/uploads\/2021\/04\/WhatsApp-Image-2021-04-29-at-14.05.27.jpeg\" data-link=\"https:\/\/www.enteratever.com\/?attachment_id=44108\" class=\"wp-image-44108\"\/><\/figure><\/li><li class=\"blocks-gallery-item\"><figure><img decoding=\"async\" src=\"https:\/\/www.enteratever.com\/2020\/wp-content\/uploads\/2021\/04\/WhatsApp-Image-2021-04-29-at-14.05.28.jpeg\" alt=\"\" data-id=\"44109\" data-full-url=\"https:\/\/www.enteratever.com\/2020\/wp-content\/uploads\/2021\/04\/WhatsApp-Image-2021-04-29-at-14.05.28.jpeg\" data-link=\"https:\/\/www.enteratever.com\/?attachment_id=44109\" class=\"wp-image-44109\"\/><\/figure><\/li><li class=\"blocks-gallery-item\"><figure><img decoding=\"async\" src=\"https:\/\/www.enteratever.com\/2020\/wp-content\/uploads\/2021\/04\/WhatsApp-Image-2021-04-29-at-14.05.29.jpeg\" alt=\"\" data-id=\"44110\" data-full-url=\"https:\/\/www.enteratever.com\/2020\/wp-content\/uploads\/2021\/04\/WhatsApp-Image-2021-04-29-at-14.05.29.jpeg\" data-link=\"https:\/\/www.enteratever.com\/?attachment_id=44110\" class=\"wp-image-44110\"\/><\/figure><\/li><\/ul><\/figure>\n","protected":false},"excerpt":{"rendered":"<p>Visitas: 1 A fin de celebrar a los ni\u00f1os del mercado Poza Rica, Marcela Vicencio Galindo, organizadora del evento en conjunto con el sector empresarial, qui\u00e9nes estuvieron recorriendo las instalaciones del centro de abastos para entregar unas pelotas y bolsas de dulces para celebrar una de las fechas m\u00e1s bonitas. En entrevista se\u00f1al\u00f3 que ha [&hellip;]<\/p>\n","protected":false},"author":4,"featured_media":173702,"comment_status":"open","ping_status":"open","sticky":false,"template":"","format":"standard","meta":{"footnotes":""},"categories":[213],"tags":[],"class_list":["post-173701","post","type-post","status-publish","format-standard","has-post-thumbnail","category-poza-rica"],"nelio_content":{"isAutoShareEnabled":true,"autoShareEndMode":"never","automationSources":{"useCustomSentences":false,"customSentences":[]},"followers":[],"suggestedReferences":[],"efiUrl":"","efiAlt":"","highlights":[],"permalinkQueryArgs":[],"series":[]},"_links":{"self":[{"href":"https:\/\/www.enteratever.com\/2023\/wp-json\/wp\/v2\/posts\/173701","targetHints":{"allow":["GET"]}}],"collection":[{"href":"https:\/\/www.enteratever.com\/2023\/wp-json\/wp\/v2\/posts"}],"about":[{"href":"https:\/\/www.enteratever.com\/2023\/wp-json\/wp\/v2\/types\/post"}],"author":[{"embeddable":true,"href":"https:\/\/www.enteratever.com\/2023\/wp-json\/wp\/v2\/users\/4"}],"replies":[{"embeddable":true,"href":"https:\/\/www.enteratever.com\/2023\/wp-json\/wp\/v2\/comments?post=173701"}],"version-history":[{"count":0,"href":"https:\/\/www.enteratever.com\/2023\/wp-json\/wp\/v2\/posts\/173701\/revisions"}],"wp:featuredmedia":[{"embeddable":true,"href":"https:\/\/www.enteratever.com\/2023\/wp-json\/wp\/v2\/media\/173702"}],"wp:attachment":[{"href":"https:\/\/www.enteratever.com\/2023\/wp-json\/wp\/v2\/media?parent=173701"}],"wp:term":[{"taxonomy":"category","embeddable":true,"href":"https:\/\/www.enteratever.com\/2023\/wp-json\/wp\/v2\/categories?post=173701"},{"taxonomy":"post_tag","embeddable":true,"href":"https:\/\/www.enteratever.com\/2023\/wp-json\/wp\/v2\/tags?post=173701"}],"curies":[{"name":"wp","href":"https:\/\/api.w.org\/{rel}","templated":true}]}}