{"id":173695,"date":"2021-04-28T22:50:00","date_gmt":"2021-04-28T22:50:00","guid":{"rendered":"https:\/\/www.enteratever.com\/2023\/adultos-de-tercera-edad-que-quieran-vacunarse-recibiran-la-dosis-en-mayo\/"},"modified":"2021-04-28T22:50:00","modified_gmt":"2021-04-28T22:50:00","slug":"adultos-de-tercera-edad-que-quieran-vacunarse-recibiran-la-dosis-en-mayo","status":"publish","type":"post","link":"https:\/\/www.enteratever.com\/2023\/2021\/04\/28\/adultos-de-tercera-edad-que-quieran-vacunarse-recibiran-la-dosis-en-mayo\/","title":{"rendered":"Adultos de tercera edad que quieran vacunarse recibir\u00e1n la dosis en mayo"},"content":{"rendered":"<p>Visitas: 0<\/p>\n<p class=\"wp-block-paragraph\">Poza Rica, Veracruz.- Debido a que algunas personas mayores de 60 a\u00f1os no fueron vacunados por temor alguna reacci\u00f3n al medicamento y que quieran recibir la primera dosis de la vacuna, podr\u00e1n hacerlo con las personas de 50 a 59 a\u00f1os de edad en el mes de mayo, fecha que design\u00f3 para comenzar con la vacunaci\u00f3n.<\/p>\n\n\n\n<p class=\"wp-block-paragraph\">En entrevista Manuel Huerta Ladr\u00f3n de Guevara, Delegado Federal de Programas de Bienestar dijo que se tiene una estadista de aproximadamente del 30 por ciento de rezago en la entidad veracruzana, por lo que aquellos que no se han aplicado la vacuna podr\u00e1n recibirla a partir del mes de mayo, por lo que deben de hacer su pre registro en la p\u00e1gina https:\/\/mivacuna.salud.gob.<\/p>\n\n\n\n<p class=\"wp-block-paragraph\">En su visita por las diversas sedes de vacunaci\u00f3n el Delegado dio a conocer que en municipios como Tihuatl\u00e1n, d\u00f3nde comunidades se quedaron pendiente la vacunaci\u00f3n de adultos mayores, para que ning\u00fan adulto de la zona norte se quede sin est\u00e1 importante dosis, del 03 al 05 de Mayo.<\/p>\n\n\n\n<figure class=\"wp-block-image size-full\"><img decoding=\"async\" src=\"https:\/\/www.enteratever.com\/2020\/wp-content\/uploads\/2021\/04\/WhatsApp-Image-2021-04-28-at-15.58.43.jpeg\" alt=\"\" class=\"wp-image-43950\"\/><\/figure>\n\n\n\n<p class=\"wp-block-paragraph\">Se\u00f1al\u00f3 que previamente las sedes y horarios de atenci\u00f3n, as\u00ed mismo se aplicar\u00e1n diversos m\u00e9todos para dar a conocer a todos los beneficiarios a fin de que acudan, como perifoneo, redes sociales y medios de comunicaci\u00f3n, coment\u00f3 el Delegado Regional de Programas Sociales del Bienestar Emilio Olvera Andrade.<\/p>\n\n\n\n<p class=\"wp-block-paragraph\">Por \u00faltimo, recordaron que es importante acudir de acuerdo a lo se\u00f1alado, para evitar aglomeraciones en las sedes, por lo que podr\u00e1n asistir de acuerdo a la letra inicial del apellido, en las sedes que les informen, para vacunar a los adultos mayores en su totalidad.<\/p>\n","protected":false},"excerpt":{"rendered":"<p>Visitas: 0 Poza Rica, Veracruz.- Debido a que algunas personas mayores de 60 a\u00f1os no fueron vacunados por temor alguna reacci\u00f3n al medicamento y que quieran recibir la primera dosis de la vacuna, podr\u00e1n hacerlo con las personas de 50 a 59 a\u00f1os de edad en el mes de mayo, fecha que design\u00f3 para comenzar [&hellip;]<\/p>\n","protected":false},"author":4,"featured_media":173696,"comment_status":"open","ping_status":"open","sticky":false,"template":"","format":"standard","meta":{"footnotes":""},"categories":[213],"tags":[],"class_list":["post-173695","post","type-post","status-publish","format-standard","has-post-thumbnail","category-poza-rica"],"nelio_content":{"isAutoShareEnabled":true,"autoShareEndMode":"never","automationSources":{"useCustomSentences":false,"customSentences":[]},"followers":[],"suggestedReferences":[],"efiUrl":"","efiAlt":"","highlights":[],"permalinkQueryArgs":[],"series":[]},"_links":{"self":[{"href":"https:\/\/www.enteratever.com\/2023\/wp-json\/wp\/v2\/posts\/173695","targetHints":{"allow":["GET"]}}],"collection":[{"href":"https:\/\/www.enteratever.com\/2023\/wp-json\/wp\/v2\/posts"}],"about":[{"href":"https:\/\/www.enteratever.com\/2023\/wp-json\/wp\/v2\/types\/post"}],"author":[{"embeddable":true,"href":"https:\/\/www.enteratever.com\/2023\/wp-json\/wp\/v2\/users\/4"}],"replies":[{"embeddable":true,"href":"https:\/\/www.enteratever.com\/2023\/wp-json\/wp\/v2\/comments?post=173695"}],"version-history":[{"count":0,"href":"https:\/\/www.enteratever.com\/2023\/wp-json\/wp\/v2\/posts\/173695\/revisions"}],"wp:featuredmedia":[{"embeddable":true,"href":"https:\/\/www.enteratever.com\/2023\/wp-json\/wp\/v2\/media\/173696"}],"wp:attachment":[{"href":"https:\/\/www.enteratever.com\/2023\/wp-json\/wp\/v2\/media?parent=173695"}],"wp:term":[{"taxonomy":"category","embeddable":true,"href":"https:\/\/www.enteratever.com\/2023\/wp-json\/wp\/v2\/categories?post=173695"},{"taxonomy":"post_tag","embeddable":true,"href":"https:\/\/www.enteratever.com\/2023\/wp-json\/wp\/v2\/tags?post=173695"}],"curies":[{"name":"wp","href":"https:\/\/api.w.org\/{rel}","templated":true}]}}