{"id":173689,"date":"2021-04-27T22:44:10","date_gmt":"2021-04-27T22:44:10","guid":{"rendered":"https:\/\/www.enteratever.com\/2023\/personas-de-poza-rica-de-50-a-59-anos-se-registran-para-recibir-vacuna-anti-covid\/"},"modified":"2021-04-27T22:44:10","modified_gmt":"2021-04-27T22:44:10","slug":"personas-de-poza-rica-de-50-a-59-anos-se-registran-para-recibir-vacuna-anti-covid","status":"publish","type":"post","link":"https:\/\/www.enteratever.com\/2023\/2021\/04\/27\/personas-de-poza-rica-de-50-a-59-anos-se-registran-para-recibir-vacuna-anti-covid\/","title":{"rendered":"Personas de Poza Rica de 50 a 59 a\u00f1os se registran para recibir vacuna anti Covid"},"content":{"rendered":"<p>Visitas: 5<\/p>\n<p class=\"wp-block-paragraph\">Luego de que se diera a conocer que ya est\u00e1 disponible la p\u00e1gina del registro para personas de 50 a 59 a\u00f1os de edad, por lo que familias de Poza Rica comenzaron con el registro para que sus familiares reciban la primera dosis de la una contra covid-19.<\/p>\n\n\n\n<p class=\"wp-block-paragraph\">Por lo que las personas que requieran hacer su registro lo pueden hacer a trav\u00e9s de la p\u00e1gina de http:\/\/mivacuna.salud.gob.mx\/, donde las personas requerir\u00e1n de su Curp para poner sus datos personales y as\u00ed poderse registrarse para ser de los primeros en vacunarse.<\/p>\n\n\n\n<p class=\"wp-block-paragraph\">Durante la ma\u00f1ana de este martes 27 de abril a nivel nacional dieron a conocer la p\u00e1gina en donde las personas podr\u00edan registrarse, por lo que a trav\u00e9s de la p\u00e1gina estar\u00e1n teniendo un registro de cu\u00e1ntas son las personas que est\u00e1n a favor de vacunarse y se designe la cantidad de vacunas de las personas que ser\u00e1n.<\/p>\n\n\n\n<p class=\"wp-block-paragraph\">Se estima que ser\u00e1n inmunizadas 9 millones 128 mil 769 personas de este rango de edad, seg\u00fan datos del Instituto Nacional de Estad\u00edstica y Geograf\u00eda, por lo que a\u00fan no se sabe la forma en la que se estar\u00e1 durante la presentaci\u00f3n del pre registro, el director general del Centro Nacional de Programas Preventivos y Control de Enfermedades (Cenaprece), Ruy L\u00f3pez Ridaura, detall\u00f3 que la meta es vacunar a 9 millones 128 mil 769 personas de este rango de edad.<\/p>\n\n\n\n<p class=\"wp-block-paragraph\">De acuerdo con el Plan Nacional de Vacunaci\u00f3n contra el COVID-19, se espera que este sector de la sociedad comience a recibir la vacuna en la primera semana de mayo, esto ser\u00e1 en los estados en donde ya se haya concluido con la aplicaci\u00f3n de la segunda dosis de la vacuna.<\/p>\n","protected":false},"excerpt":{"rendered":"<p>Visitas: 5 Luego de que se diera a conocer que ya est\u00e1 disponible la p\u00e1gina del registro para personas de 50 a 59 a\u00f1os de edad, por lo que familias de Poza Rica comenzaron con el registro para que sus familiares reciban la primera dosis de la una contra covid-19. Por lo que las personas [&hellip;]<\/p>\n","protected":false},"author":4,"featured_media":173690,"comment_status":"open","ping_status":"open","sticky":false,"template":"","format":"standard","meta":{"footnotes":""},"categories":[213],"tags":[],"class_list":["post-173689","post","type-post","status-publish","format-standard","has-post-thumbnail","category-poza-rica"],"nelio_content":{"isAutoShareEnabled":true,"autoShareEndMode":"never","automationSources":{"useCustomSentences":false,"customSentences":[]},"followers":[],"suggestedReferences":[],"efiUrl":"","efiAlt":"","highlights":[],"permalinkQueryArgs":[],"series":[]},"_links":{"self":[{"href":"https:\/\/www.enteratever.com\/2023\/wp-json\/wp\/v2\/posts\/173689","targetHints":{"allow":["GET"]}}],"collection":[{"href":"https:\/\/www.enteratever.com\/2023\/wp-json\/wp\/v2\/posts"}],"about":[{"href":"https:\/\/www.enteratever.com\/2023\/wp-json\/wp\/v2\/types\/post"}],"author":[{"embeddable":true,"href":"https:\/\/www.enteratever.com\/2023\/wp-json\/wp\/v2\/users\/4"}],"replies":[{"embeddable":true,"href":"https:\/\/www.enteratever.com\/2023\/wp-json\/wp\/v2\/comments?post=173689"}],"version-history":[{"count":0,"href":"https:\/\/www.enteratever.com\/2023\/wp-json\/wp\/v2\/posts\/173689\/revisions"}],"wp:featuredmedia":[{"embeddable":true,"href":"https:\/\/www.enteratever.com\/2023\/wp-json\/wp\/v2\/media\/173690"}],"wp:attachment":[{"href":"https:\/\/www.enteratever.com\/2023\/wp-json\/wp\/v2\/media?parent=173689"}],"wp:term":[{"taxonomy":"category","embeddable":true,"href":"https:\/\/www.enteratever.com\/2023\/wp-json\/wp\/v2\/categories?post=173689"},{"taxonomy":"post_tag","embeddable":true,"href":"https:\/\/www.enteratever.com\/2023\/wp-json\/wp\/v2\/tags?post=173689"}],"curies":[{"name":"wp","href":"https:\/\/api.w.org\/{rel}","templated":true}]}}