{"id":173683,"date":"2021-04-27T00:44:06","date_gmt":"2021-04-27T00:44:06","guid":{"rendered":"https:\/\/www.enteratever.com\/2023\/28-de-abril-arranca-la-segunda-jornada-de-vacunacion-anti-covid-en-poza-rica\/"},"modified":"2021-04-27T00:44:06","modified_gmt":"2021-04-27T00:44:06","slug":"28-de-abril-arranca-la-segunda-jornada-de-vacunacion-anti-covid-en-poza-rica","status":"publish","type":"post","link":"https:\/\/www.enteratever.com\/2023\/2021\/04\/27\/28-de-abril-arranca-la-segunda-jornada-de-vacunacion-anti-covid-en-poza-rica\/","title":{"rendered":"28 de abril arranca la segunda jornada de vacunaci\u00f3n anti Covid en Poza Rica"},"content":{"rendered":"<p>Visitas: 6<\/p>\n<p class=\"wp-block-paragraph\"><em>\u2022 M\u00e1s de 25 mil adultos mayores recibir\u00e1n la segunda dosis.<\/em><\/p>\n\n\n\n<p class=\"wp-block-paragraph\">Poza Rica, Veracruz.- A trav\u00e9s de un comunicado Cuitl\u00e1huac Garc\u00eda Jim\u00e9nez, Gobernador del estado de Veracruz dio a conocer que el periodo de la aplicaci\u00f3n de la segunda dosis de la vacuna Pfizer ser\u00e1 a partir del pr\u00f3ximo mi\u00e9rcoles 28 de abril cuando se estar\u00e1 comenzado con el segundo bloque de vacunas para las m\u00e1s de 25 mil personas de la tercera edad.<\/p>\n\n\n\n<p class=\"wp-block-paragraph\">Esto luego que durante el pasado domingo 26 de abril lleg\u00f3 al municipio una embarcaci\u00f3n con vacunas a la entidad se decidi\u00f3 continuar con la aplicaci\u00f3n de la vacunas, por lo que destac\u00f3 que se les estar\u00e1 realizando una llamada a las personas para que se les designe un horario y un sitio a d\u00f3nde deber\u00e1n de acudir para que el personal de salud les aplique la vacuna.<\/p>\n\n\n\n<figure class=\"wp-block-image size-full\"><img decoding=\"async\" src=\"https:\/\/www.enteratever.com\/2020\/wp-content\/uploads\/2021\/04\/WhatsApp-Image-2021-04-26-at-18.01.48.jpeg\" alt=\"\" class=\"wp-image-43711\"\/><\/figure>\n\n\n\n<p class=\"wp-block-paragraph\">La jornada ser\u00e1 del 28 de abril al dos de mayo, de acuerdo con Emilio Olvera Andrade los puntos de vacunaci\u00f3n ser\u00e1n los mismos, la plaza c\u00edvica 18 de marzo, Gimnasio Municipal Miguel Hidalgo, Unidad Deportiva Cayetano Ledezma y el Centro Comunitario Los Sauces.<\/p>\n\n\n\n<p class=\"wp-block-paragraph\">Mencion\u00f3 que se estar\u00e1 dando a conocer un n\u00famero telef\u00f3nico para n donde las personas que tengan dudas podr\u00e1n llamar para que se les aclare, por lo que en las pr\u00f3ximas horas estar\u00e1n recibiendo una llamada o un mensaje de texto en donde se les estar\u00e1 dando a conocer la hora en que les toca la aplicaci\u00f3n de la vacuna.<\/p>\n\n\n\n<p class=\"wp-block-paragraph\">Cabe se\u00f1alar que el gobernador mencion\u00f3 que otros municipios tambi\u00e9n estar\u00e1n recibiendo la vacuna en los pr\u00f3ximos d\u00edas, por lo que los invita a estar engomados y estar pendiente, record\u00f3 que por el momento son las personas de la tercera edad los \u00fanicos que estar\u00e1n siendo vacunados y posteriormente se les estar\u00e1 dando a conocer las fechas para que otro grupo de la poblaci\u00f3n se vacune.<\/p>\n","protected":false},"excerpt":{"rendered":"<p>Visitas: 6 \u2022 M\u00e1s de 25 mil adultos mayores recibir\u00e1n la segunda dosis. Poza Rica, Veracruz.- A trav\u00e9s de un comunicado Cuitl\u00e1huac Garc\u00eda Jim\u00e9nez, Gobernador del estado de Veracruz dio a conocer que el periodo de la aplicaci\u00f3n de la segunda dosis de la vacuna Pfizer ser\u00e1 a partir del pr\u00f3ximo mi\u00e9rcoles 28 de abril [&hellip;]<\/p>\n","protected":false},"author":4,"featured_media":173684,"comment_status":"open","ping_status":"open","sticky":false,"template":"","format":"standard","meta":{"footnotes":""},"categories":[213],"tags":[],"class_list":["post-173683","post","type-post","status-publish","format-standard","has-post-thumbnail","category-poza-rica"],"nelio_content":{"isAutoShareEnabled":true,"autoShareEndMode":"never","automationSources":{"useCustomSentences":false,"customSentences":[]},"followers":[],"suggestedReferences":[],"efiUrl":"","efiAlt":"","highlights":[],"permalinkQueryArgs":[],"series":[]},"_links":{"self":[{"href":"https:\/\/www.enteratever.com\/2023\/wp-json\/wp\/v2\/posts\/173683","targetHints":{"allow":["GET"]}}],"collection":[{"href":"https:\/\/www.enteratever.com\/2023\/wp-json\/wp\/v2\/posts"}],"about":[{"href":"https:\/\/www.enteratever.com\/2023\/wp-json\/wp\/v2\/types\/post"}],"author":[{"embeddable":true,"href":"https:\/\/www.enteratever.com\/2023\/wp-json\/wp\/v2\/users\/4"}],"replies":[{"embeddable":true,"href":"https:\/\/www.enteratever.com\/2023\/wp-json\/wp\/v2\/comments?post=173683"}],"version-history":[{"count":0,"href":"https:\/\/www.enteratever.com\/2023\/wp-json\/wp\/v2\/posts\/173683\/revisions"}],"wp:featuredmedia":[{"embeddable":true,"href":"https:\/\/www.enteratever.com\/2023\/wp-json\/wp\/v2\/media\/173684"}],"wp:attachment":[{"href":"https:\/\/www.enteratever.com\/2023\/wp-json\/wp\/v2\/media?parent=173683"}],"wp:term":[{"taxonomy":"category","embeddable":true,"href":"https:\/\/www.enteratever.com\/2023\/wp-json\/wp\/v2\/categories?post=173683"},{"taxonomy":"post_tag","embeddable":true,"href":"https:\/\/www.enteratever.com\/2023\/wp-json\/wp\/v2\/tags?post=173683"}],"curies":[{"name":"wp","href":"https:\/\/api.w.org\/{rel}","templated":true}]}}