{"id":173679,"date":"2021-04-26T23:45:28","date_gmt":"2021-04-26T23:45:28","guid":{"rendered":"https:\/\/www.enteratever.com\/2023\/empresarios-presentan-proyectos-estrategicos-y-propuestas-para-el-desarrollo-sostenible-de-la-zona-metropolitana\/"},"modified":"2021-04-26T23:45:28","modified_gmt":"2021-04-26T23:45:28","slug":"empresarios-presentan-proyectos-estrategicos-y-propuestas-para-el-desarrollo-sostenible-de-la-zona-metropolitana","status":"publish","type":"post","link":"https:\/\/www.enteratever.com\/2023\/2021\/04\/26\/empresarios-presentan-proyectos-estrategicos-y-propuestas-para-el-desarrollo-sostenible-de-la-zona-metropolitana\/","title":{"rendered":"Empresarios presentan Proyectos Estrat\u00e9gicos y Propuestas para el Desarrollo Sostenible de la Zona Metropolitana"},"content":{"rendered":"<p>Visitas: 1<\/p>\n<p class=\"wp-block-paragraph\"><em>\u2022 Exigen a los candidatos a trabajar en los diferentes proyectos que se presentaron para apoyo de la zona metropolitana.<\/em><\/p>\n\n\n\n<p class=\"wp-block-paragraph\">Derivado a la crisis que se registra en la zona norte del estado integrantes de Observatorio Ciudadano Integral de la Zona Metropolitana de Poza Rica, realizaron la presentaci\u00f3n de Proyectos Estrat\u00e9gicos y Propuestas para el Desarrollo Sostenible de la Zona Metropolitana, por lo que es una base para que las pr\u00f3ximas administraciones puedan trabajar por el bien de la regi\u00f3n.<\/p>\n\n\n\n<p class=\"wp-block-paragraph\">Los integrantes de la C\u00e1mara Nacional de la Industria de Transformaci\u00f3n (CANACINTRA) delegaci\u00f3n Poza Rica, subrayaron que es importante que los candidatos tomen en cuenta las propuestas ya establecidas, y dejen de lado promesas que no se cumplen y se convierten en solo una aspiraci\u00f3n.<\/p>\n\n\n\n<p class=\"wp-block-paragraph\">En rueda de prensa dieron a conocer que la zona metropolitana de Poza Rica es la pen\u00faltima con menos capacidad de retenci\u00f3n de talento e inversi\u00f3n, esto a nivel nacional, pues cada a\u00f1o el 80 por ciento de los nuevos profesionistas deciden irse de Poza Rica, ya que no hay producci\u00f3n, no hay inversi\u00f3n y no hay oportunidades de desarrollo.<\/p>\n\n\n\n<p class=\"wp-block-paragraph\">Por su parte Adolfo Cruz Mubarak, presidente de CANACINTRA Poza Rica, dio a conocer que se busca que se tome en cuenta propuestas como la creaci\u00f3n de un corredor log\u00edstico econ\u00f3mico Poza Roca &#8211; Tuxpan, impulsar el desarrollo de los sectores agroindustrial y tur\u00edstico as\u00ed como la integraci\u00f3n de nuevas vocaciones productivas en suelos urbano y rural a la base econ\u00f3mica metropolitana.<\/p>\n\n\n\n<p class=\"wp-block-paragraph\">Consider\u00f3 que tambi\u00e9n es necesario impulsar el desarrollar el Cl\u00faster de Innovaci\u00f3n, Ciencia y Tecnolog\u00eda de la Zona Metropolitana, esto a trav\u00e9s de impulsar el talento humano a trav\u00e9s de la educaci\u00f3n para el desarrollo sostenible, fomentar la innovaci\u00f3n, ciencia y tecnolog\u00eda como base para la creaci\u00f3n de servicios y productos de valor agregado para atender la demanda local, regional, nacional e internacional.<\/p>\n\n\n\n<p class=\"wp-block-paragraph\">Con respecto al tema ambiental propusieron dirigir el desarrollo sostenible de la Zona Metropolitana de Poza Rica, a trav\u00e9s de la implementaci\u00f3n de programas basados en est\u00e1ndares nacionales e internacionales que integren los esfuerzos y recursos de los municipios, esto a trav\u00e9s de la creaci\u00f3n de la estaci\u00f3n de transferencia de residuos y lograr una econom\u00eda circular.<\/p>\n\n\n\n<p class=\"wp-block-paragraph\">Por \u00faltimo los integrantes del Observatorio Ciudadano Integral de la Zona Metropolitana, insistieron en que los candidatos deben poner en marcha este tipo de propuestas ya analizadas y con sustento, con la finalidad de que al llegar al triunfo puedan realizar aportaciones competitivas econ\u00f3micas para el progreso de la ciudad y la regi\u00f3n.<\/p>\n\n\n\n<figure class=\"wp-block-gallery columns-1 wp-block-gallery-1 is-layout-flex wp-block-gallery-is-layout-flex\"><ul class=\"blocks-gallery-grid\"><li class=\"blocks-gallery-item\"><figure><img decoding=\"async\" src=\"https:\/\/www.enteratever.com\/2020\/wp-content\/uploads\/2021\/04\/WhatsApp-Image-2021-04-26-at-16.57.33.jpeg\" alt=\"\" data-id=\"43699\" data-full-url=\"https:\/\/www.enteratever.com\/2020\/wp-content\/uploads\/2021\/04\/WhatsApp-Image-2021-04-26-at-16.57.33.jpeg\" data-link=\"https:\/\/www.enteratever.com\/?attachment_id=43699\" class=\"wp-image-43699\"\/><\/figure><\/li><li class=\"blocks-gallery-item\"><figure><img decoding=\"async\" src=\"https:\/\/www.enteratever.com\/2020\/wp-content\/uploads\/2021\/04\/WhatsApp-Image-2021-04-26-at-16.57.27.jpeg\" alt=\"\" data-id=\"43698\" data-full-url=\"https:\/\/www.enteratever.com\/2020\/wp-content\/uploads\/2021\/04\/WhatsApp-Image-2021-04-26-at-16.57.27.jpeg\" data-link=\"https:\/\/www.enteratever.com\/?attachment_id=43698\" class=\"wp-image-43698\"\/><\/figure><\/li><li class=\"blocks-gallery-item\"><figure><img decoding=\"async\" src=\"https:\/\/www.enteratever.com\/2020\/wp-content\/uploads\/2021\/04\/WhatsApp-Image-2021-04-26-at-16.57.26.jpeg\" alt=\"\" data-id=\"43697\" data-full-url=\"https:\/\/www.enteratever.com\/2020\/wp-content\/uploads\/2021\/04\/WhatsApp-Image-2021-04-26-at-16.57.26.jpeg\" data-link=\"https:\/\/www.enteratever.com\/?attachment_id=43697\" class=\"wp-image-43697\"\/><\/figure><\/li><li class=\"blocks-gallery-item\"><figure><img decoding=\"async\" src=\"https:\/\/www.enteratever.com\/2020\/wp-content\/uploads\/2021\/04\/WhatsApp-Image-2021-04-26-at-16.57.25.jpeg\" alt=\"\" data-id=\"43696\" data-full-url=\"https:\/\/www.enteratever.com\/2020\/wp-content\/uploads\/2021\/04\/WhatsApp-Image-2021-04-26-at-16.57.25.jpeg\" data-link=\"https:\/\/www.enteratever.com\/?attachment_id=43696\" class=\"wp-image-43696\"\/><\/figure><\/li><\/ul><\/figure>\n","protected":false},"excerpt":{"rendered":"<p>Visitas: 1 \u2022 Exigen a los candidatos a trabajar en los diferentes proyectos que se presentaron para apoyo de la zona metropolitana. Derivado a la crisis que se registra en la zona norte del estado integrantes de Observatorio Ciudadano Integral de la Zona Metropolitana de Poza Rica, realizaron la presentaci\u00f3n de Proyectos Estrat\u00e9gicos y Propuestas [&hellip;]<\/p>\n","protected":false},"author":4,"featured_media":173680,"comment_status":"open","ping_status":"open","sticky":false,"template":"","format":"standard","meta":{"footnotes":""},"categories":[213],"tags":[],"class_list":["post-173679","post","type-post","status-publish","format-standard","has-post-thumbnail","category-poza-rica"],"nelio_content":{"isAutoShareEnabled":true,"autoShareEndMode":"never","automationSources":{"useCustomSentences":false,"customSentences":[]},"followers":[],"suggestedReferences":[],"efiUrl":"","efiAlt":"","highlights":[],"permalinkQueryArgs":[],"series":[]},"_links":{"self":[{"href":"https:\/\/www.enteratever.com\/2023\/wp-json\/wp\/v2\/posts\/173679","targetHints":{"allow":["GET"]}}],"collection":[{"href":"https:\/\/www.enteratever.com\/2023\/wp-json\/wp\/v2\/posts"}],"about":[{"href":"https:\/\/www.enteratever.com\/2023\/wp-json\/wp\/v2\/types\/post"}],"author":[{"embeddable":true,"href":"https:\/\/www.enteratever.com\/2023\/wp-json\/wp\/v2\/users\/4"}],"replies":[{"embeddable":true,"href":"https:\/\/www.enteratever.com\/2023\/wp-json\/wp\/v2\/comments?post=173679"}],"version-history":[{"count":0,"href":"https:\/\/www.enteratever.com\/2023\/wp-json\/wp\/v2\/posts\/173679\/revisions"}],"wp:featuredmedia":[{"embeddable":true,"href":"https:\/\/www.enteratever.com\/2023\/wp-json\/wp\/v2\/media\/173680"}],"wp:attachment":[{"href":"https:\/\/www.enteratever.com\/2023\/wp-json\/wp\/v2\/media?parent=173679"}],"wp:term":[{"taxonomy":"category","embeddable":true,"href":"https:\/\/www.enteratever.com\/2023\/wp-json\/wp\/v2\/categories?post=173679"},{"taxonomy":"post_tag","embeddable":true,"href":"https:\/\/www.enteratever.com\/2023\/wp-json\/wp\/v2\/tags?post=173679"}],"curies":[{"name":"wp","href":"https:\/\/api.w.org\/{rel}","templated":true}]}}