{"id":173677,"date":"2021-04-26T20:17:31","date_gmt":"2021-04-26T20:17:31","guid":{"rendered":"https:\/\/www.enteratever.com\/2023\/pintan-el-distribuidor-vial\/"},"modified":"2021-04-26T20:17:31","modified_gmt":"2021-04-26T20:17:31","slug":"pintan-el-distribuidor-vial","status":"publish","type":"post","link":"https:\/\/www.enteratever.com\/2023\/2021\/04\/26\/pintan-el-distribuidor-vial\/","title":{"rendered":"Pintan el distribuidor vial"},"content":{"rendered":"<p>Visitas: 1<\/p>\n<p class=\"wp-block-paragraph\">A fin de mejorar la imagen urbana de la ciudad la ma\u00f1ana de este lunes 26 de abril personal del \u00e1rea de Obras P\u00fablicas del ayuntamiento de Poza Rica se dieron cita sobre el bulevar L\u00e1zaro C\u00e1rdenas para comenzar con los trabajos del mejoramiento del primer cuadro de la ciudad.<\/p>\n\n\n\n<p class=\"wp-block-paragraph\">Por lo que estar\u00e1n iniciando los trabajos de pintura sobre el distribuidor vial, el cual a pesar de que este a\u00fan no es entregado de manera oficial por parte de la empresa Petroleros Mexicanos, es por este motivo por el cual no se le ha podido dar el mantenimiento esto a pesar de que este cuenta con baches y con algunas ramas.<\/p>\n\n\n\n<p class=\"wp-block-paragraph\">De acuerdo al personal encargado de este trabajo es un proyecto del \u00e1rea de turismo, esto para mejorar la imagen que tiene el distribuidor cabe mencionar que est\u00e9 tipo de trabajos se realizaron frente al parque Benito Ju\u00e1rez, sobre el boulevard Adolfo Ruiz Cortines hace aproximadamente dos a\u00f1os.<\/p>\n\n\n\n<p class=\"wp-block-paragraph\">Desgraciadamente este sitio se encuentra entre excremento de las aves que han llegado a refugiarse en este lugar, adem\u00e1s de que tambi\u00e9n ha servido como hogar de varios indigentes, pues el lugar fue abandonado y no se ha dado el mantenimiento adecuado para conservar en perfectas condiciones.<\/p>\n\n\n\n<p class=\"wp-block-paragraph\">Por lo que director de turismo, Edgar de Le\u00f3n se quiere parar el cuello a nombre de la iniciativa privada pintando el distribuidor en la zona centro cuando no ha podido darle el m\u00ednimo mantenimiento al paseos Ra\u00edces de vida que se est\u00e1 y otros espacios p\u00fablicos que se supone que deber\u00edan de ser atractivos tur\u00edsticos del municipio.<\/p>\n\n\n\n<p class=\"wp-block-paragraph\">Estos trabajos se estar\u00e1n realizando en conjunto con la empresa Comex, quienes son los patrocinadores de pintura que se estar\u00e1 utilizando para la decoraci\u00f3n de los muros del distribuidor, por lo que los trabajos invitaron este lunes, la decoraci\u00f3n ser\u00e1 hasta la plaza c\u00edvica 18 de marzo.<\/p>\n\n\n\n<figure class=\"wp-block-gallery columns-1 wp-block-gallery-1 is-layout-flex wp-block-gallery-is-layout-flex\"><ul class=\"blocks-gallery-grid\"><li class=\"blocks-gallery-item\"><figure><img decoding=\"async\" src=\"https:\/\/www.enteratever.com\/2020\/wp-content\/uploads\/2021\/04\/WhatsApp-Image-2021-04-26-at-14.41.1.jpeg\" alt=\"\" data-id=\"43647\" data-full-url=\"https:\/\/www.enteratever.com\/2020\/wp-content\/uploads\/2021\/04\/WhatsApp-Image-2021-04-26-at-14.41.1.jpeg\" data-link=\"https:\/\/www.enteratever.com\/?attachment_id=43647\" class=\"wp-image-43647\"\/><\/figure><\/li><li class=\"blocks-gallery-item\"><figure><img decoding=\"async\" src=\"https:\/\/www.enteratever.com\/2020\/wp-content\/uploads\/2021\/04\/WhatsApp-Image-2021-04-26-at-14.41.3.jpeg\" alt=\"\" data-id=\"43648\" data-full-url=\"https:\/\/www.enteratever.com\/2020\/wp-content\/uploads\/2021\/04\/WhatsApp-Image-2021-04-26-at-14.41.3.jpeg\" data-link=\"https:\/\/www.enteratever.com\/?attachment_id=43648\" class=\"wp-image-43648\"\/><\/figure><\/li><li class=\"blocks-gallery-item\"><figure><img decoding=\"async\" src=\"https:\/\/www.enteratever.com\/2020\/wp-content\/uploads\/2021\/04\/WhatsApp-Image-2021-04-26-at-14.41.38.jpeg\" alt=\"\" data-id=\"43649\" data-full-url=\"https:\/\/www.enteratever.com\/2020\/wp-content\/uploads\/2021\/04\/WhatsApp-Image-2021-04-26-at-14.41.38.jpeg\" data-link=\"https:\/\/www.enteratever.com\/?attachment_id=43649\" class=\"wp-image-43649\"\/><\/figure><\/li><li class=\"blocks-gallery-item\"><figure><img decoding=\"async\" src=\"https:\/\/www.enteratever.com\/2020\/wp-content\/uploads\/2021\/04\/WhatsApp-Image-2021-04-26-at-14.41.39.jpeg\" alt=\"\" data-id=\"43650\" data-full-url=\"https:\/\/www.enteratever.com\/2020\/wp-content\/uploads\/2021\/04\/WhatsApp-Image-2021-04-26-at-14.41.39.jpeg\" data-link=\"https:\/\/www.enteratever.com\/?attachment_id=43650\" class=\"wp-image-43650\"\/><\/figure><\/li><li class=\"blocks-gallery-item\"><figure><img decoding=\"async\" src=\"https:\/\/www.enteratever.com\/2020\/wp-content\/uploads\/2021\/04\/WhatsApp-Image-2021-04-26-at-14.41.40.jpeg\" alt=\"\" data-id=\"43651\" data-full-url=\"https:\/\/www.enteratever.com\/2020\/wp-content\/uploads\/2021\/04\/WhatsApp-Image-2021-04-26-at-14.41.40.jpeg\" data-link=\"https:\/\/www.enteratever.com\/?attachment_id=43651\" class=\"wp-image-43651\"\/><\/figure><\/li><li class=\"blocks-gallery-item\"><figure><img decoding=\"async\" src=\"https:\/\/www.enteratever.com\/2020\/wp-content\/uploads\/2021\/04\/WhatsApp-Image-2021-04-26-at-14.41.41.jpeg\" alt=\"\" data-id=\"43652\" data-full-url=\"https:\/\/www.enteratever.com\/2020\/wp-content\/uploads\/2021\/04\/WhatsApp-Image-2021-04-26-at-14.41.41.jpeg\" data-link=\"https:\/\/www.enteratever.com\/?attachment_id=43652\" class=\"wp-image-43652\"\/><\/figure><\/li><\/ul><\/figure>\n","protected":false},"excerpt":{"rendered":"<p>Visitas: 1 A fin de mejorar la imagen urbana de la ciudad la ma\u00f1ana de este lunes 26 de abril personal del \u00e1rea de Obras P\u00fablicas del ayuntamiento de Poza Rica se dieron cita sobre el bulevar L\u00e1zaro C\u00e1rdenas para comenzar con los trabajos del mejoramiento del primer cuadro de la ciudad. Por lo que [&hellip;]<\/p>\n","protected":false},"author":4,"featured_media":173678,"comment_status":"open","ping_status":"open","sticky":false,"template":"","format":"standard","meta":{"footnotes":""},"categories":[213],"tags":[],"class_list":["post-173677","post","type-post","status-publish","format-standard","has-post-thumbnail","category-poza-rica"],"nelio_content":{"isAutoShareEnabled":true,"autoShareEndMode":"never","automationSources":{"useCustomSentences":false,"customSentences":[]},"followers":[],"suggestedReferences":[],"efiUrl":"","efiAlt":"","highlights":[],"permalinkQueryArgs":[],"series":[]},"_links":{"self":[{"href":"https:\/\/www.enteratever.com\/2023\/wp-json\/wp\/v2\/posts\/173677","targetHints":{"allow":["GET"]}}],"collection":[{"href":"https:\/\/www.enteratever.com\/2023\/wp-json\/wp\/v2\/posts"}],"about":[{"href":"https:\/\/www.enteratever.com\/2023\/wp-json\/wp\/v2\/types\/post"}],"author":[{"embeddable":true,"href":"https:\/\/www.enteratever.com\/2023\/wp-json\/wp\/v2\/users\/4"}],"replies":[{"embeddable":true,"href":"https:\/\/www.enteratever.com\/2023\/wp-json\/wp\/v2\/comments?post=173677"}],"version-history":[{"count":0,"href":"https:\/\/www.enteratever.com\/2023\/wp-json\/wp\/v2\/posts\/173677\/revisions"}],"wp:featuredmedia":[{"embeddable":true,"href":"https:\/\/www.enteratever.com\/2023\/wp-json\/wp\/v2\/media\/173678"}],"wp:attachment":[{"href":"https:\/\/www.enteratever.com\/2023\/wp-json\/wp\/v2\/media?parent=173677"}],"wp:term":[{"taxonomy":"category","embeddable":true,"href":"https:\/\/www.enteratever.com\/2023\/wp-json\/wp\/v2\/categories?post=173677"},{"taxonomy":"post_tag","embeddable":true,"href":"https:\/\/www.enteratever.com\/2023\/wp-json\/wp\/v2\/tags?post=173677"}],"curies":[{"name":"wp","href":"https:\/\/api.w.org\/{rel}","templated":true}]}}