{"id":173675,"date":"2021-04-26T00:17:58","date_gmt":"2021-04-26T00:17:58","guid":{"rendered":"https:\/\/www.enteratever.com\/2023\/lalo-velazquez-es-el-candidato-de-la-coalicion-va-por-veracruz\/"},"modified":"2021-04-26T00:17:58","modified_gmt":"2021-04-26T00:17:58","slug":"lalo-velazquez-es-el-candidato-de-la-coalicion-va-por-veracruz","status":"publish","type":"post","link":"https:\/\/www.enteratever.com\/2023\/2021\/04\/26\/lalo-velazquez-es-el-candidato-de-la-coalicion-va-por-veracruz\/","title":{"rendered":"Lalo Vel\u00e1zquez es el candidato de la coalici\u00f3n Va por Veracruz"},"content":{"rendered":"<p>Visitas: 10<\/p>\n<p class=\"wp-block-paragraph\">Eduardo Vel\u00e1zquez Ayala es el candidato por la coalici\u00f3n \u201c Va por Veracruz\u201d en el municipio petrolero, por lo que durante la ma\u00f1ana de este domingo 25 de abril el Partido de la Revoluci\u00f3n Democr\u00e1tica (PRD) entreg\u00f3 el registro ante el Organismo P\u00fablico Local Electoral (Ople) para que pueda participar en el siguiente proceso electoral.<\/p>\n\n\n\n<p class=\"wp-block-paragraph\">Ser\u00e1 hasta el pr\u00f3ximo cuatro de mayo cuando el candidato podr\u00e1 visitar las colonias de la ciudad a fin de que la ciudadan\u00eda lo conozca y de a conocer sus propuestas, para que el pr\u00f3ximo seis de junio sean la misma poblaci\u00f3n qui\u00e9n le entregue su voto y le permita ganar las elecciones de este a\u00f1o.<\/p>\n\n\n\n<p class=\"wp-block-paragraph\">Al lugar lleg\u00f3 Sergio Cadena, presidente del Comit\u00e9 Estatal del PRD en Veracruz, enfatiz\u00f3 que los abanderados como en el caso de Poza Rica, son personas honestas, transparentes y de bien, que busca un solo objetivo, buscar una mejor oportunidad para Veracruz, por lo que una vez iniciado el proceso de campa\u00f1a, demostrar\u00e1n al electorado a cada uno de sus candidatos en esta alianza con el PRI y PAN.<\/p>\n\n\n\n<p class=\"wp-block-paragraph\">Cabe destacar que los candidatos cuentan con el respaldo de la militancia y simpatizantes de no solo de la personas que conforman el PRD sino tambi\u00e9n de la gente del PRI y PAN, los cuales son n todo momento aceptaron la designaci\u00f3n de los diferentes cargos p\u00fablicos, por lo que no dudan que estar\u00e1n arrasando el pr\u00f3ximo seis de junio.<\/p>\n\n\n\n<p class=\"wp-block-paragraph\">En un ambiente de armon\u00eda y de confianza es como se llev\u00f3 a cabo el registro de Eduardo Vel\u00e1zquez Ayala en las oficinas del Ople en la ciudad de Xalapa, en este tambi\u00e9n se estuvieron respetando los las medidas sanitarias, esto para prevenir del contagio de Covid-19.<\/p>\n","protected":false},"excerpt":{"rendered":"<p>Visitas: 10 Eduardo Vel\u00e1zquez Ayala es el candidato por la coalici\u00f3n \u201c Va por Veracruz\u201d en el municipio petrolero, por lo que durante la ma\u00f1ana de este domingo 25 de abril el Partido de la Revoluci\u00f3n Democr\u00e1tica (PRD) entreg\u00f3 el registro ante el Organismo P\u00fablico Local Electoral (Ople) para que pueda participar en el siguiente [&hellip;]<\/p>\n","protected":false},"author":4,"featured_media":173676,"comment_status":"open","ping_status":"open","sticky":false,"template":"","format":"standard","meta":{"footnotes":""},"categories":[213],"tags":[],"class_list":["post-173675","post","type-post","status-publish","format-standard","has-post-thumbnail","category-poza-rica"],"nelio_content":{"isAutoShareEnabled":true,"autoShareEndMode":"never","automationSources":{"useCustomSentences":false,"customSentences":[]},"followers":[],"suggestedReferences":[],"efiUrl":"","efiAlt":"","highlights":[],"permalinkQueryArgs":[],"series":[]},"_links":{"self":[{"href":"https:\/\/www.enteratever.com\/2023\/wp-json\/wp\/v2\/posts\/173675","targetHints":{"allow":["GET"]}}],"collection":[{"href":"https:\/\/www.enteratever.com\/2023\/wp-json\/wp\/v2\/posts"}],"about":[{"href":"https:\/\/www.enteratever.com\/2023\/wp-json\/wp\/v2\/types\/post"}],"author":[{"embeddable":true,"href":"https:\/\/www.enteratever.com\/2023\/wp-json\/wp\/v2\/users\/4"}],"replies":[{"embeddable":true,"href":"https:\/\/www.enteratever.com\/2023\/wp-json\/wp\/v2\/comments?post=173675"}],"version-history":[{"count":0,"href":"https:\/\/www.enteratever.com\/2023\/wp-json\/wp\/v2\/posts\/173675\/revisions"}],"wp:featuredmedia":[{"embeddable":true,"href":"https:\/\/www.enteratever.com\/2023\/wp-json\/wp\/v2\/media\/173676"}],"wp:attachment":[{"href":"https:\/\/www.enteratever.com\/2023\/wp-json\/wp\/v2\/media?parent=173675"}],"wp:term":[{"taxonomy":"category","embeddable":true,"href":"https:\/\/www.enteratever.com\/2023\/wp-json\/wp\/v2\/categories?post=173675"},{"taxonomy":"post_tag","embeddable":true,"href":"https:\/\/www.enteratever.com\/2023\/wp-json\/wp\/v2\/tags?post=173675"}],"curies":[{"name":"wp","href":"https:\/\/api.w.org\/{rel}","templated":true}]}}