{"id":173667,"date":"2021-04-24T23:25:05","date_gmt":"2021-04-24T23:25:05","guid":{"rendered":"https:\/\/www.enteratever.com\/2023\/zona-norte-ya-tiene-a-sus-candidatos-por-morena\/"},"modified":"2021-04-24T23:25:05","modified_gmt":"2021-04-24T23:25:05","slug":"zona-norte-ya-tiene-a-sus-candidatos-por-morena","status":"publish","type":"post","link":"https:\/\/www.enteratever.com\/2023\/2021\/04\/24\/zona-norte-ya-tiene-a-sus-candidatos-por-morena\/","title":{"rendered":"Zona norte ya tiene a sus candidatos por Morena"},"content":{"rendered":"<p>Visitas: 7<\/p>\n<p class=\"wp-block-paragraph\">Poza Rica, Veracruz.- Luego de varios meses de incertidumbre de quienes ser\u00edan los candidatos a los diferentes puestos p\u00fablicos por el partidos Movimiento Regeneraci\u00f3n Nacional (Morena) la ma\u00f1ana de este s\u00e1bado 24 de abril se dieron a conocer los nombres de los ciudadanos que estar\u00e1n buscando la alcald\u00eda de los 212 municipios que conforma la entidad veracruzana.<\/p>\n\n\n\n<p class=\"wp-block-paragraph\">En la zona norte fue una contienda muy cerrada pues ninguno de los tres aspirantes quer\u00eda dejar la posibilidad de poder representar al partido en el pr\u00f3ximo proceso electoral, pero debido a los resultados de las encuestas que se estuvieron realizando ya quedaron registrados los nombre de la personas que abanderaran al partido.<\/p>\n\n\n\n<p class=\"wp-block-paragraph\">Fernando Remes Garza, es el candidato a la alcald\u00eda de Poza Rica, por lo que Raquel Bonilla Herrera, estar\u00e1 buscando ser relegida por la diputaci\u00f3n federal y Cecilia Guevara de El\u00edas estar\u00e1 compitiendo por la diputaci\u00f3n local, por lo que la coalici\u00f3n Juntos Haremos Historia en Veracruz ya cuenta con sus candidatos oficiales, por lo que en el municipio petrolero ya est\u00e1n registrados los nueve candidatos que estar\u00e1n buscando llegar a la alcald\u00eda y a las diputaciones.<\/p>\n\n\n\n<p class=\"wp-block-paragraph\">Para el municipio de Coatzintla qued\u00f3 registrado C\u00e9sar Ulises Garc\u00eda V\u00e1squez, qued\u00f3 registrado como el candidato oficial por el partido esto luego de que en su municipio tambi\u00e9n se viviera una contienda interna dentro del partido muy cerrada, pues los interesados en la alcald\u00eda son personas que han trabajado por el municipio y por el partido.<\/p>\n\n\n\n<p class=\"wp-block-paragraph\">Para Tihuatl\u00e1n qued\u00f3 registrado Jos\u00e9 Romero qui\u00e9n cuenta con una larga trayectoria dentro de la pol\u00edtica y siempre ha buscado el bienestar de la ciudadan\u00eda, entre los nombre que se pueden ver de los candidatos de la zona norte por el municipio de Papantla Eric Dom\u00ednguez qui\u00e9n tambi\u00e9n cuenta con una trayectoria dentro de la pol\u00edtica.<\/p>\n\n\n\n<p class=\"wp-block-paragraph\">Ahora solo queda esperar a que sea el d\u00eda en el que los candidatos puedan salir a las calles de cada uno de los municipios por los cuales est\u00e1n concursando para que la ciudadan\u00eda conozca sus propuestas y el pr\u00f3ximo seis de junio la ciudadan\u00eda salga a votar por el candidato que considere como la mejor opci\u00f3n.<\/p>\n","protected":false},"excerpt":{"rendered":"<p>Visitas: 7 Poza Rica, Veracruz.- Luego de varios meses de incertidumbre de quienes ser\u00edan los candidatos a los diferentes puestos p\u00fablicos por el partidos Movimiento Regeneraci\u00f3n Nacional (Morena) la ma\u00f1ana de este s\u00e1bado 24 de abril se dieron a conocer los nombres de los ciudadanos que estar\u00e1n buscando la alcald\u00eda de los 212 municipios que [&hellip;]<\/p>\n","protected":false},"author":4,"featured_media":173668,"comment_status":"open","ping_status":"open","sticky":false,"template":"","format":"standard","meta":{"footnotes":""},"categories":[213],"tags":[],"class_list":["post-173667","post","type-post","status-publish","format-standard","has-post-thumbnail","category-poza-rica"],"nelio_content":{"isAutoShareEnabled":true,"autoShareEndMode":"never","automationSources":{"useCustomSentences":false,"customSentences":[]},"followers":[],"suggestedReferences":[],"efiUrl":"","efiAlt":"","highlights":[],"permalinkQueryArgs":[],"series":[]},"_links":{"self":[{"href":"https:\/\/www.enteratever.com\/2023\/wp-json\/wp\/v2\/posts\/173667","targetHints":{"allow":["GET"]}}],"collection":[{"href":"https:\/\/www.enteratever.com\/2023\/wp-json\/wp\/v2\/posts"}],"about":[{"href":"https:\/\/www.enteratever.com\/2023\/wp-json\/wp\/v2\/types\/post"}],"author":[{"embeddable":true,"href":"https:\/\/www.enteratever.com\/2023\/wp-json\/wp\/v2\/users\/4"}],"replies":[{"embeddable":true,"href":"https:\/\/www.enteratever.com\/2023\/wp-json\/wp\/v2\/comments?post=173667"}],"version-history":[{"count":0,"href":"https:\/\/www.enteratever.com\/2023\/wp-json\/wp\/v2\/posts\/173667\/revisions"}],"wp:featuredmedia":[{"embeddable":true,"href":"https:\/\/www.enteratever.com\/2023\/wp-json\/wp\/v2\/media\/173668"}],"wp:attachment":[{"href":"https:\/\/www.enteratever.com\/2023\/wp-json\/wp\/v2\/media?parent=173667"}],"wp:term":[{"taxonomy":"category","embeddable":true,"href":"https:\/\/www.enteratever.com\/2023\/wp-json\/wp\/v2\/categories?post=173667"},{"taxonomy":"post_tag","embeddable":true,"href":"https:\/\/www.enteratever.com\/2023\/wp-json\/wp\/v2\/tags?post=173667"}],"curies":[{"name":"wp","href":"https:\/\/api.w.org\/{rel}","templated":true}]}}