{"id":173665,"date":"2021-04-23T23:55:46","date_gmt":"2021-04-23T23:55:46","guid":{"rendered":"https:\/\/www.enteratever.com\/2023\/fernando-trejo-se-registra-ante-el-ople-de-poza-rica\/"},"modified":"2021-04-23T23:55:46","modified_gmt":"2021-04-23T23:55:46","slug":"fernando-trejo-se-registra-ante-el-ople-de-poza-rica","status":"publish","type":"post","link":"https:\/\/www.enteratever.com\/2023\/2021\/04\/23\/fernando-trejo-se-registra-ante-el-ople-de-poza-rica\/","title":{"rendered":"Fernando Trejo se registra ante el Ople de Poza Rica"},"content":{"rendered":"<p>Visitas: 7<\/p>\n<p class=\"wp-block-paragraph\">Fernando Trejo Dom\u00ednguez, actual Candidato del Partido Pol\u00edtico Todos por Veracruz acudi\u00f3 a las instalaciones del Organismo P\u00fablico Local Electoral (Ople) en este municipio para realizar el acto protocolario de la inscripci\u00f3n para participar en las pr\u00f3ximas elecciones que estar\u00e1 dando inicio en los pr\u00f3ximos d\u00edas.<\/p>\n\n\n\n<p class=\"wp-block-paragraph\">Al lugar lleg\u00f3 el candidato en compa\u00f1\u00eda de su planilla y ciudadan\u00eda que le brindan su confianza y que sabe que estar\u00e1 llegando a la alcald\u00eda de Poza Rica, por lo que al llegar coment\u00f3 que se siente comprometido con la gente del municipio y su \u00fanico inter\u00e9s de participar en el proceso electoral es poder hacer un verdadero cambio.<\/p>\n\n\n\n<p class=\"wp-block-paragraph\">Posteriormente entro al recinto en donde el personal del Ople le otorg\u00f3 su documento en donde lo acreditan como el candidato a la alcald\u00eda por Poza Rica, por lo que fueron varios minutos los que estuvo dentro de las oficinas de Organismo P\u00fablico Local Electoral.<\/p>\n\n\n\n<figure class=\"wp-block-gallery columns-0 is-cropped wp-block-gallery-1 is-layout-flex wp-block-gallery-is-layout-flex\"><ul class=\"blocks-gallery-grid\"><\/ul><\/figure>\n\n\n\n<p class=\"wp-block-paragraph\">A su salida coment\u00f3 que dentro de su planilla se encuentran personas de los diferentes rubros, tiene desde personas con carrera universitaria hasta personas que han dedicado su vida a la lucha social, por lo que es una planilla bien formada, pues los principios del partido as\u00ed se lo pide.<\/p>\n\n\n\n<p class=\"wp-block-paragraph\">Su suplente es el licenciado Manuel Sagah\u00f3n D\u00e1vila, qui\u00e9n considero que es una persona que cumple con los requisitos que el partido est\u00e1 solicitando, por lo que est\u00e1n seguros que de allegar al poder estar\u00e1n trabajando por todas las personas que por muchos a\u00f1os han sido olvidados por los gobiernos.<\/p>\n\n\n\n<figure class=\"wp-block-gallery columns-1 wp-block-gallery-2 is-layout-flex wp-block-gallery-is-layout-flex\"><ul class=\"blocks-gallery-grid\"><li class=\"blocks-gallery-item\"><figure><img decoding=\"async\" src=\"https:\/\/www.enteratever.com\/2020\/wp-content\/uploads\/2021\/04\/WhatsApp-Image-2021-04-23-at-17.07.18.jpeg\" alt=\"\" data-id=\"43510\" data-full-url=\"https:\/\/www.enteratever.com\/2020\/wp-content\/uploads\/2021\/04\/WhatsApp-Image-2021-04-23-at-17.07.18.jpeg\" data-link=\"https:\/\/www.enteratever.com\/?attachment_id=43510\" class=\"wp-image-43510\"\/><\/figure><\/li><li class=\"blocks-gallery-item\"><figure><img decoding=\"async\" src=\"https:\/\/www.enteratever.com\/2020\/wp-content\/uploads\/2021\/04\/WhatsApp-Image-2021-04-23-at-17.07.20.jpeg\" alt=\"\" data-id=\"43511\" data-full-url=\"https:\/\/www.enteratever.com\/2020\/wp-content\/uploads\/2021\/04\/WhatsApp-Image-2021-04-23-at-17.07.20.jpeg\" data-link=\"https:\/\/www.enteratever.com\/?attachment_id=43511\" class=\"wp-image-43511\"\/><\/figure><\/li><li class=\"blocks-gallery-item\"><figure><img decoding=\"async\" src=\"https:\/\/www.enteratever.com\/2020\/wp-content\/uploads\/2021\/04\/WhatsApp-Image-2021-04-23-at-17.07.21.jpeg\" alt=\"\" data-id=\"43512\" data-full-url=\"https:\/\/www.enteratever.com\/2020\/wp-content\/uploads\/2021\/04\/WhatsApp-Image-2021-04-23-at-17.07.21.jpeg\" data-link=\"https:\/\/www.enteratever.com\/?attachment_id=43512\" class=\"wp-image-43512\"\/><\/figure><\/li><li class=\"blocks-gallery-item\"><figure><img decoding=\"async\" src=\"https:\/\/www.enteratever.com\/2020\/wp-content\/uploads\/2021\/04\/WhatsApp-Image-2021-04-23-at-17.07.22.jpeg\" alt=\"\" data-id=\"43513\" data-full-url=\"https:\/\/www.enteratever.com\/2020\/wp-content\/uploads\/2021\/04\/WhatsApp-Image-2021-04-23-at-17.07.22.jpeg\" data-link=\"https:\/\/www.enteratever.com\/?attachment_id=43513\" class=\"wp-image-43513\"\/><\/figure><\/li><li class=\"blocks-gallery-item\"><figure><img decoding=\"async\" src=\"https:\/\/www.enteratever.com\/2020\/wp-content\/uploads\/2021\/04\/WhatsApp-Image-2021-04-23-at-17.07.24.jpeg\" alt=\"\" data-id=\"43514\" data-full-url=\"https:\/\/www.enteratever.com\/2020\/wp-content\/uploads\/2021\/04\/WhatsApp-Image-2021-04-23-at-17.07.24.jpeg\" data-link=\"https:\/\/www.enteratever.com\/?attachment_id=43514\" class=\"wp-image-43514\"\/><\/figure><\/li><\/ul><\/figure>\n","protected":false},"excerpt":{"rendered":"<p>Visitas: 7 Fernando Trejo Dom\u00ednguez, actual Candidato del Partido Pol\u00edtico Todos por Veracruz acudi\u00f3 a las instalaciones del Organismo P\u00fablico Local Electoral (Ople) en este municipio para realizar el acto protocolario de la inscripci\u00f3n para participar en las pr\u00f3ximas elecciones que estar\u00e1 dando inicio en los pr\u00f3ximos d\u00edas. Al lugar lleg\u00f3 el candidato en compa\u00f1\u00eda [&hellip;]<\/p>\n","protected":false},"author":4,"featured_media":173666,"comment_status":"open","ping_status":"open","sticky":false,"template":"","format":"standard","meta":{"footnotes":""},"categories":[213],"tags":[],"class_list":["post-173665","post","type-post","status-publish","format-standard","has-post-thumbnail","category-poza-rica"],"nelio_content":{"isAutoShareEnabled":true,"autoShareEndMode":"never","automationSources":{"useCustomSentences":false,"customSentences":[]},"followers":[],"suggestedReferences":[],"efiUrl":"","efiAlt":"","highlights":[],"permalinkQueryArgs":[],"series":[]},"_links":{"self":[{"href":"https:\/\/www.enteratever.com\/2023\/wp-json\/wp\/v2\/posts\/173665","targetHints":{"allow":["GET"]}}],"collection":[{"href":"https:\/\/www.enteratever.com\/2023\/wp-json\/wp\/v2\/posts"}],"about":[{"href":"https:\/\/www.enteratever.com\/2023\/wp-json\/wp\/v2\/types\/post"}],"author":[{"embeddable":true,"href":"https:\/\/www.enteratever.com\/2023\/wp-json\/wp\/v2\/users\/4"}],"replies":[{"embeddable":true,"href":"https:\/\/www.enteratever.com\/2023\/wp-json\/wp\/v2\/comments?post=173665"}],"version-history":[{"count":0,"href":"https:\/\/www.enteratever.com\/2023\/wp-json\/wp\/v2\/posts\/173665\/revisions"}],"wp:featuredmedia":[{"embeddable":true,"href":"https:\/\/www.enteratever.com\/2023\/wp-json\/wp\/v2\/media\/173666"}],"wp:attachment":[{"href":"https:\/\/www.enteratever.com\/2023\/wp-json\/wp\/v2\/media?parent=173665"}],"wp:term":[{"taxonomy":"category","embeddable":true,"href":"https:\/\/www.enteratever.com\/2023\/wp-json\/wp\/v2\/categories?post=173665"},{"taxonomy":"post_tag","embeddable":true,"href":"https:\/\/www.enteratever.com\/2023\/wp-json\/wp\/v2\/tags?post=173665"}],"curies":[{"name":"wp","href":"https:\/\/api.w.org\/{rel}","templated":true}]}}