{"id":173659,"date":"2021-04-23T16:20:28","date_gmt":"2021-04-23T16:20:28","guid":{"rendered":"https:\/\/www.enteratever.com\/2023\/realizan-primera-sesion-de-mesa-de-seguridad-zona-norte\/"},"modified":"2021-04-23T16:20:28","modified_gmt":"2021-04-23T16:20:28","slug":"realizan-primera-sesion-de-mesa-de-seguridad-zona-norte","status":"publish","type":"post","link":"https:\/\/www.enteratever.com\/2023\/2021\/04\/23\/realizan-primera-sesion-de-mesa-de-seguridad-zona-norte\/","title":{"rendered":"Realizan primera sesi\u00f3n de Mesa de Seguridad zona norte"},"content":{"rendered":"<p>Visitas: 22<\/p>\n<p class=\"wp-block-paragraph\">A fin de buscar estrategias para mejorar el tema de seguridad en el municipio y la zona metropolitana, la Confederaci\u00f3n Patronal de la Rep\u00fablica Mexicana (Coparmex) Poza Rica en coordinaci\u00f3n con organismos empresariales, llevaron a cabo la primera sesi\u00f3n de la mesa de seguridad Norte del estado Poza Rica-Papantla y zona Metropolitana.<\/p>\n\n\n\n<p class=\"wp-block-paragraph\">Con esto se busca que tanto los empresarios, turistas y ciudadan\u00eda en general se sienten seguros de visitar la zona norte del estado que ofrece varios atractivos tur\u00edsticos, por lo que cada dos meses estar\u00e1n revisando y analizando los avances que tengan las estrategias que se han implementado.<\/p>\n\n\n\n<p class=\"wp-block-paragraph\">Los temas como el funcionamiento de las c\u00e1maras de videovigilancia de C4, Alerta Empresarial, reglamento de gr\u00faas, y operativos de Tr\u00e1nsito y Seguridad Vial; la coordinaci\u00f3n con las Fiscal\u00edas para la correcta integraci\u00f3n de las carpetas de investigaci\u00f3n, y la vinculaci\u00f3n con la Polic\u00eda Estatal y Municipal para colaborar y lograr resultados tangibles en la reducci\u00f3n de la incidencia delictiva. Temas como el funcionamiento de las c\u00e1maras de video vigilancia de C4, alerrta empresarial, reglamento de gr\u00faas, y operativos de Tr\u00e1nsito y Seguridad Vial; la coordinaci\u00f3n.<\/p>\n\n\n\n<p class=\"wp-block-paragraph\">Con las Fiscal\u00edas para la correcta integraci\u00f3n de las carpetas de investigaci\u00f3n, y la coordinaci\u00f3n con la Polic\u00eda Estatal y Municipal para colaborar y lograr resultados tangibles en la reducci\u00f3n de la incidencia delictiva, que son temas que suelen preocupar a los empresarios y a las autoridades, ya que contar con una regi\u00f3n bien vigilada tiene muchas ventajas.<\/p>\n\n\n\n<p class=\"wp-block-paragraph\">Por su parte Clementina Guti\u00e9rrez Villag\u00f3mez, delegada de Coparmex en la zona dio un mensaje en el marco del d\u00eda del Polic\u00eda Veracruzano, dijo, \u201clos representantes de los organismos empresariales aqu\u00ed reunidos, queremos distinguir a los elementos de las diferentes corporaciones policiacas por su labor y desempe\u00f1o, as\u00ed como crear lazos solidos de confianza\u201d.<\/p>\n\n\n\n<p class=\"wp-block-paragraph\">Al evento acudi\u00f3 en representaci\u00f3n del secretario de Seguridad P\u00fablica del estado, Hugo Guti\u00e9rrez Maldonado, el capit\u00e1n Antonio de Jes\u00fas Anselmo, jefe del departamento de Reacci\u00f3n Estrat\u00e9gica de la SSP, ingeniero Eleazar Guerrero Barrera, director General de Vinculaci\u00f3n Institucional, capit\u00e1n Jos\u00e9 Antonio Camps, director de Tr\u00e1nsito y Seguridad Vial del estado, Licenciado Enrique Gonz\u00e1lez Barr\u00f3n, fiscal Regional Zona Norte, licenciado Aar\u00f3n Betanzos Zumaya director de Prevenci\u00f3n del Delito y Seguridad P\u00fablica Municipal.<\/p>\n\n\n\n<p class=\"wp-block-paragraph\">De igual forma participaron los integrantes de la mesa de seguridad Norte del estado Poza Rica-Papantla y Zona Metropolitana: Clementina Guti\u00e9rrez Villagomez, delegada de Coparmex en la zona, Alejandro de la Torre Tapia, presidente del Consejo Empresarial zona Norte Veracruz, Adolfo Cruz Mabarak, presidente de Canacintra, Francisco L\u00f3pez G\u00f3mez, presidente de Canaco, Antonio Alcubilla Hern\u00e1ndez, presidente Canaco Papantla, Rodrigo M\u00e9ndez Padilla, presidente de Canirac, Francisco El\u00edas Guevara, presidente de la Asociaci\u00f3n de Hoteles y Moteles, y Daniel Caballero Pineda, presidente de CMIC.<\/p>\n\n\n\n<figure class=\"wp-block-gallery columns-1 wp-block-gallery-1 is-layout-flex wp-block-gallery-is-layout-flex\"><ul class=\"blocks-gallery-grid\"><li class=\"blocks-gallery-item\"><figure><img decoding=\"async\" src=\"https:\/\/www.enteratever.com\/2020\/wp-content\/uploads\/2021\/04\/WhatsApp-Image-2021-04-23-at-09.50.60.jpeg\" alt=\"\" data-id=\"43436\" data-full-url=\"https:\/\/www.enteratever.com\/2020\/wp-content\/uploads\/2021\/04\/WhatsApp-Image-2021-04-23-at-09.50.60.jpeg\" data-link=\"https:\/\/www.enteratever.com\/?attachment_id=43436\" class=\"wp-image-43436\"\/><\/figure><\/li><li class=\"blocks-gallery-item\"><figure><img decoding=\"async\" src=\"https:\/\/www.enteratever.com\/2020\/wp-content\/uploads\/2021\/04\/WhatsApp-Image-2021-04-23-at-09.50.59.jpeg\" alt=\"\" data-id=\"43435\" data-full-url=\"https:\/\/www.enteratever.com\/2020\/wp-content\/uploads\/2021\/04\/WhatsApp-Image-2021-04-23-at-09.50.59.jpeg\" data-link=\"https:\/\/www.enteratever.com\/?attachment_id=43435\" class=\"wp-image-43435\"\/><\/figure><\/li><li class=\"blocks-gallery-item\"><figure><img decoding=\"async\" src=\"https:\/\/www.enteratever.com\/2020\/wp-content\/uploads\/2021\/04\/WhatsApp-Image-2021-04-23-at-09.50.58.jpeg\" alt=\"\" data-id=\"43434\" data-full-url=\"https:\/\/www.enteratever.com\/2020\/wp-content\/uploads\/2021\/04\/WhatsApp-Image-2021-04-23-at-09.50.58.jpeg\" data-link=\"https:\/\/www.enteratever.com\/?attachment_id=43434\" class=\"wp-image-43434\"\/><\/figure><\/li><li class=\"blocks-gallery-item\"><figure><img decoding=\"async\" src=\"https:\/\/www.enteratever.com\/2020\/wp-content\/uploads\/2021\/04\/WhatsApp-Image-2021-04-23-at-09.50.57.jpeg\" alt=\"\" data-id=\"43433\" data-full-url=\"https:\/\/www.enteratever.com\/2020\/wp-content\/uploads\/2021\/04\/WhatsApp-Image-2021-04-23-at-09.50.57.jpeg\" data-link=\"https:\/\/www.enteratever.com\/?attachment_id=43433\" class=\"wp-image-43433\"\/><\/figure><\/li><\/ul><\/figure>\n","protected":false},"excerpt":{"rendered":"<p>Visitas: 22 A fin de buscar estrategias para mejorar el tema de seguridad en el municipio y la zona metropolitana, la Confederaci\u00f3n Patronal de la Rep\u00fablica Mexicana (Coparmex) Poza Rica en coordinaci\u00f3n con organismos empresariales, llevaron a cabo la primera sesi\u00f3n de la mesa de seguridad Norte del estado Poza Rica-Papantla y zona Metropolitana. Con [&hellip;]<\/p>\n","protected":false},"author":4,"featured_media":173660,"comment_status":"open","ping_status":"open","sticky":false,"template":"","format":"standard","meta":{"footnotes":""},"categories":[213],"tags":[],"class_list":["post-173659","post","type-post","status-publish","format-standard","has-post-thumbnail","category-poza-rica"],"nelio_content":{"isAutoShareEnabled":true,"autoShareEndMode":"never","automationSources":{"useCustomSentences":false,"customSentences":[]},"followers":[],"suggestedReferences":[],"efiUrl":"","efiAlt":"","highlights":[],"permalinkQueryArgs":[],"series":[]},"_links":{"self":[{"href":"https:\/\/www.enteratever.com\/2023\/wp-json\/wp\/v2\/posts\/173659","targetHints":{"allow":["GET"]}}],"collection":[{"href":"https:\/\/www.enteratever.com\/2023\/wp-json\/wp\/v2\/posts"}],"about":[{"href":"https:\/\/www.enteratever.com\/2023\/wp-json\/wp\/v2\/types\/post"}],"author":[{"embeddable":true,"href":"https:\/\/www.enteratever.com\/2023\/wp-json\/wp\/v2\/users\/4"}],"replies":[{"embeddable":true,"href":"https:\/\/www.enteratever.com\/2023\/wp-json\/wp\/v2\/comments?post=173659"}],"version-history":[{"count":0,"href":"https:\/\/www.enteratever.com\/2023\/wp-json\/wp\/v2\/posts\/173659\/revisions"}],"wp:featuredmedia":[{"embeddable":true,"href":"https:\/\/www.enteratever.com\/2023\/wp-json\/wp\/v2\/media\/173660"}],"wp:attachment":[{"href":"https:\/\/www.enteratever.com\/2023\/wp-json\/wp\/v2\/media?parent=173659"}],"wp:term":[{"taxonomy":"category","embeddable":true,"href":"https:\/\/www.enteratever.com\/2023\/wp-json\/wp\/v2\/categories?post=173659"},{"taxonomy":"post_tag","embeddable":true,"href":"https:\/\/www.enteratever.com\/2023\/wp-json\/wp\/v2\/tags?post=173659"}],"curies":[{"name":"wp","href":"https:\/\/api.w.org\/{rel}","templated":true}]}}