{"id":173653,"date":"2021-04-22T22:48:33","date_gmt":"2021-04-22T22:48:33","guid":{"rendered":"https:\/\/www.enteratever.com\/2023\/vecinos-de-la-francisco-i-madero-se-quejan-ante-los-olores-fetidos-provocados-por-una-fuga-de-aguas-pluviales\/"},"modified":"2021-04-22T22:48:33","modified_gmt":"2021-04-22T22:48:33","slug":"vecinos-de-la-francisco-i-madero-se-quejan-ante-los-olores-fetidos-provocados-por-una-fuga-de-aguas-pluviales","status":"publish","type":"post","link":"https:\/\/www.enteratever.com\/2023\/2021\/04\/22\/vecinos-de-la-francisco-i-madero-se-quejan-ante-los-olores-fetidos-provocados-por-una-fuga-de-aguas-pluviales\/","title":{"rendered":"Vecinos de la Francisco I. Madero se quejan ante los olores f\u00e9tidos provocados por una fuga de aguas pluviales"},"content":{"rendered":"<p>Visitas: 6<\/p>\n<p class=\"wp-block-paragraph\">Vecinos de la colonia Francisco I. Madero de la calle 5 de febrero se quejan ante la gran contaminaci\u00f3n a los que est\u00e1n expuestos debido a que un vecino en su solar ha generado que las aguas pluviales se estanquen en su terreno para afectar a sus vecinos, por lo que cansados de la situaci\u00f3n decidieron levantar la voz.<\/p>\n\n\n\n<p class=\"wp-block-paragraph\">De acuerdo con el se\u00f1or, Jos\u00e9 Manuel Sandoval Cantero, se\u00f1al\u00f3 que debido a que puso su barda para separar los solares, su vecino compr\u00f3 dos autos para tirar escombro en su terreno e hizo un hueco en donde se depositan aguas pluviales cerca de la barda del se\u00f1or Sandoval Cantero para que esta se cayera, pero lo \u00fanico que gener\u00f3 fue afectar a los dem\u00e1s vecinos que viven alrededor de su propiedad.<\/p>\n\n\n\n<p class=\"wp-block-paragraph\">El problema se viene presentando desde hace dos a\u00f1os, por lo que han solicitado el apoyo de las autoridades quienes ya acudieron a revisar pero debido a que es una propiedad privada no pueden hacer mucho, adem\u00e1s tambi\u00e9n el sector salud ha acudido para revisar la situaci\u00f3n, pues temen que se registren problemas de salud.<\/p>\n\n\n\n<p class=\"wp-block-paragraph\">Por su parte el se\u00f1or Ram\u00f3n Mart\u00ednez Santiago, se\u00f1al\u00f3 que durante la temporada de calor los olores f\u00e9tidos son insoportables, cuentan con dos personas adultas y temen por el estado de salud de los adultos mayores, en el caso del ciudadano Sandoval Cantero que en su familia varias personas de sus familia han padecido dengue.<\/p>\n\n\n\n<p class=\"wp-block-paragraph\">El problema afecta a m\u00e1s de 50 familias que viven en la zona, por lo que est\u00e1n buscando la manera de poder recolectar las firmas para que se busque una soluci\u00f3n al problema, pues el hueco tiene una profundidad de dos metros y cuando llueve tapa la barda del se\u00f1or Jos\u00e9 Manuel .<\/p>\n\n\n\n<p class=\"wp-block-paragraph\">El se\u00f1or Jos\u00e9 Manuel Sandoval Cantero, mencion\u00f3 que ya existe una demanda por los da\u00f1os a su patrimonio, por lo que la demanda aun continua, por lo que los vecinos no dejaran de solicitar a las autoridades que hagan algo para evitar que las familias sigan siendo afectadas en su estado de salud.<\/p>\n\n\n\n<figure class=\"wp-block-gallery columns-1 wp-block-gallery-1 is-layout-flex wp-block-gallery-is-layout-flex\"><ul class=\"blocks-gallery-grid\"><li class=\"blocks-gallery-item\"><figure><img decoding=\"async\" src=\"https:\/\/www.enteratever.com\/2020\/wp-content\/uploads\/2021\/04\/WhatsApp-Image-2021-04-22-at-16.12.39.jpeg\" alt=\"\" data-id=\"43350\" data-full-url=\"https:\/\/www.enteratever.com\/2020\/wp-content\/uploads\/2021\/04\/WhatsApp-Image-2021-04-22-at-16.12.39.jpeg\" data-link=\"https:\/\/www.enteratever.com\/?attachment_id=43350\" class=\"wp-image-43350\"\/><\/figure><\/li><li class=\"blocks-gallery-item\"><figure><img decoding=\"async\" src=\"https:\/\/www.enteratever.com\/2020\/wp-content\/uploads\/2021\/04\/WhatsApp-Image-2021-04-22-at-16.12.40.jpeg\" alt=\"\" data-id=\"43351\" data-full-url=\"https:\/\/www.enteratever.com\/2020\/wp-content\/uploads\/2021\/04\/WhatsApp-Image-2021-04-22-at-16.12.40.jpeg\" data-link=\"https:\/\/www.enteratever.com\/?attachment_id=43351\" class=\"wp-image-43351\"\/><\/figure><\/li><li class=\"blocks-gallery-item\"><figure><img decoding=\"async\" src=\"https:\/\/www.enteratever.com\/2020\/wp-content\/uploads\/2021\/04\/WhatsApp-Image-2021-04-22-at-16.12.41.jpeg\" alt=\"\" data-id=\"43352\" data-full-url=\"https:\/\/www.enteratever.com\/2020\/wp-content\/uploads\/2021\/04\/WhatsApp-Image-2021-04-22-at-16.12.41.jpeg\" data-link=\"https:\/\/www.enteratever.com\/?attachment_id=43352\" class=\"wp-image-43352\"\/><\/figure><\/li><li class=\"blocks-gallery-item\"><figure><img decoding=\"async\" src=\"https:\/\/www.enteratever.com\/2020\/wp-content\/uploads\/2021\/04\/WhatsApp-Image-2021-04-22-at-16.12.42.jpeg\" alt=\"\" data-id=\"43353\" data-full-url=\"https:\/\/www.enteratever.com\/2020\/wp-content\/uploads\/2021\/04\/WhatsApp-Image-2021-04-22-at-16.12.42.jpeg\" data-link=\"https:\/\/www.enteratever.com\/?attachment_id=43353\" class=\"wp-image-43353\"\/><\/figure><\/li><li class=\"blocks-gallery-item\"><figure><img decoding=\"async\" src=\"https:\/\/www.enteratever.com\/2020\/wp-content\/uploads\/2021\/04\/WhatsApp-Image-2021-04-22-at-16.12.43.jpeg\" alt=\"\" data-id=\"43354\" data-full-url=\"https:\/\/www.enteratever.com\/2020\/wp-content\/uploads\/2021\/04\/WhatsApp-Image-2021-04-22-at-16.12.43.jpeg\" data-link=\"https:\/\/www.enteratever.com\/?attachment_id=43354\" class=\"wp-image-43354\"\/><\/figure><\/li><\/ul><\/figure>\n","protected":false},"excerpt":{"rendered":"<p>Visitas: 6 Vecinos de la colonia Francisco I. Madero de la calle 5 de febrero se quejan ante la gran contaminaci\u00f3n a los que est\u00e1n expuestos debido a que un vecino en su solar ha generado que las aguas pluviales se estanquen en su terreno para afectar a sus vecinos, por lo que cansados de [&hellip;]<\/p>\n","protected":false},"author":4,"featured_media":173654,"comment_status":"open","ping_status":"open","sticky":false,"template":"","format":"standard","meta":{"footnotes":""},"categories":[213],"tags":[],"class_list":["post-173653","post","type-post","status-publish","format-standard","has-post-thumbnail","category-poza-rica"],"nelio_content":{"isAutoShareEnabled":true,"autoShareEndMode":"never","automationSources":{"useCustomSentences":false,"customSentences":[]},"followers":[],"suggestedReferences":[],"efiUrl":"","efiAlt":"","highlights":[],"permalinkQueryArgs":[],"series":[]},"_links":{"self":[{"href":"https:\/\/www.enteratever.com\/2023\/wp-json\/wp\/v2\/posts\/173653","targetHints":{"allow":["GET"]}}],"collection":[{"href":"https:\/\/www.enteratever.com\/2023\/wp-json\/wp\/v2\/posts"}],"about":[{"href":"https:\/\/www.enteratever.com\/2023\/wp-json\/wp\/v2\/types\/post"}],"author":[{"embeddable":true,"href":"https:\/\/www.enteratever.com\/2023\/wp-json\/wp\/v2\/users\/4"}],"replies":[{"embeddable":true,"href":"https:\/\/www.enteratever.com\/2023\/wp-json\/wp\/v2\/comments?post=173653"}],"version-history":[{"count":0,"href":"https:\/\/www.enteratever.com\/2023\/wp-json\/wp\/v2\/posts\/173653\/revisions"}],"wp:featuredmedia":[{"embeddable":true,"href":"https:\/\/www.enteratever.com\/2023\/wp-json\/wp\/v2\/media\/173654"}],"wp:attachment":[{"href":"https:\/\/www.enteratever.com\/2023\/wp-json\/wp\/v2\/media?parent=173653"}],"wp:term":[{"taxonomy":"category","embeddable":true,"href":"https:\/\/www.enteratever.com\/2023\/wp-json\/wp\/v2\/categories?post=173653"},{"taxonomy":"post_tag","embeddable":true,"href":"https:\/\/www.enteratever.com\/2023\/wp-json\/wp\/v2\/tags?post=173653"}],"curies":[{"name":"wp","href":"https:\/\/api.w.org\/{rel}","templated":true}]}}