{"id":173647,"date":"2021-04-21T22:35:23","date_gmt":"2021-04-21T22:35:23","guid":{"rendered":"https:\/\/www.enteratever.com\/2023\/trejo-dominguez-va-por-la-municipal-por-todos-por-veracruz\/"},"modified":"2021-04-21T22:35:23","modified_gmt":"2021-04-21T22:35:23","slug":"trejo-dominguez-va-por-la-municipal-por-todos-por-veracruz","status":"publish","type":"post","link":"https:\/\/www.enteratever.com\/2023\/2021\/04\/21\/trejo-dominguez-va-por-la-municipal-por-todos-por-veracruz\/","title":{"rendered":"Trejo Dom\u00ednguez va por la municipal por Todos por Veracruz"},"content":{"rendered":"<p>Visitas: 7<\/p>\n<p class=\"wp-block-paragraph\">Fernando Trejo Dom\u00ednguez, se registra como el candidato a la alcald\u00eda de Poza Rica por el Partido Pol\u00edtico Todos por Veracruz, qui\u00e9n luego de trabajar por las familias del municipio le brind\u00f3 la oportunidad del partido ya que se siente identificado con los ideales del partido.<\/p>\n\n\n\n<p class=\"wp-block-paragraph\">El registro se realiz\u00f3 durante la ma\u00f1ana de este mi\u00e9rcoles 21 de abril en la capital del estado, por lo que considera que es la oportunidad perfecta para demostrar que esta comprometido del poder trabajar por la ciudadan\u00eda de Poza Rica, por lo que agradece al partido que le este brindando la oportunidad.<\/p>\n\n\n\n<figure class=\"wp-block-image size-large\"><img decoding=\"async\" src=\"https:\/\/www.enteratever.com\/2020\/wp-content\/uploads\/2021\/04\/WhatsApp-Image-2021-04-21-at-17.13.58-1024x768.jpeg\" alt=\"\" class=\"wp-image-43201\"\/><\/figure>\n\n\n\n<p class=\"wp-block-paragraph\">Pese a que ha pasado por varios partidos en los que no le dieron la oportunidad a pesar del trabajo social que ha vendido realizando el candidato en varias colonias del municipio, por lo que Trejo Dom\u00ednguez mencion\u00f3 que lo \u00fanico que el busca es poder trabajar por un municipio mucho mejor y por algo que muchos gobiernos no han hecho.<\/p>\n\n\n\n<p class=\"wp-block-paragraph\">La noticia ha causado felicidad entre las personas que conocen el trabajo que el ciudadano Trejo Dom\u00ednguez ha venido realizando, por lo que pues han mostrado el apoyo al ahora candidato de Todos por Veracruz, qui\u00e9n antes de estar agremiado a los partidos pol\u00edticos siempre le gust\u00f3 trabaje por la gente, por apoyar a los que menos tienen.<\/p>\n\n\n\n<p class=\"wp-block-paragraph\">A pesar de que no cuenta con una larga trayectoria dentro de la pol\u00edtica, es una persona que en los puestos que ha ocupado siempre se ha buscado el ayudar por lo que para muchas personas es considerado como la mejor opci\u00f3n y le brindan el respaldo.<\/p>\n","protected":false},"excerpt":{"rendered":"<p>Visitas: 7 Fernando Trejo Dom\u00ednguez, se registra como el candidato a la alcald\u00eda de Poza Rica por el Partido Pol\u00edtico Todos por Veracruz, qui\u00e9n luego de trabajar por las familias del municipio le brind\u00f3 la oportunidad del partido ya que se siente identificado con los ideales del partido. El registro se realiz\u00f3 durante la ma\u00f1ana [&hellip;]<\/p>\n","protected":false},"author":4,"featured_media":173648,"comment_status":"open","ping_status":"open","sticky":false,"template":"","format":"standard","meta":{"footnotes":""},"categories":[213],"tags":[],"class_list":["post-173647","post","type-post","status-publish","format-standard","has-post-thumbnail","category-poza-rica"],"nelio_content":{"isAutoShareEnabled":true,"autoShareEndMode":"never","automationSources":{"useCustomSentences":false,"customSentences":[]},"followers":[],"suggestedReferences":[],"efiUrl":"","efiAlt":"","highlights":[],"permalinkQueryArgs":[],"series":[]},"_links":{"self":[{"href":"https:\/\/www.enteratever.com\/2023\/wp-json\/wp\/v2\/posts\/173647","targetHints":{"allow":["GET"]}}],"collection":[{"href":"https:\/\/www.enteratever.com\/2023\/wp-json\/wp\/v2\/posts"}],"about":[{"href":"https:\/\/www.enteratever.com\/2023\/wp-json\/wp\/v2\/types\/post"}],"author":[{"embeddable":true,"href":"https:\/\/www.enteratever.com\/2023\/wp-json\/wp\/v2\/users\/4"}],"replies":[{"embeddable":true,"href":"https:\/\/www.enteratever.com\/2023\/wp-json\/wp\/v2\/comments?post=173647"}],"version-history":[{"count":0,"href":"https:\/\/www.enteratever.com\/2023\/wp-json\/wp\/v2\/posts\/173647\/revisions"}],"wp:featuredmedia":[{"embeddable":true,"href":"https:\/\/www.enteratever.com\/2023\/wp-json\/wp\/v2\/media\/173648"}],"wp:attachment":[{"href":"https:\/\/www.enteratever.com\/2023\/wp-json\/wp\/v2\/media?parent=173647"}],"wp:term":[{"taxonomy":"category","embeddable":true,"href":"https:\/\/www.enteratever.com\/2023\/wp-json\/wp\/v2\/categories?post=173647"},{"taxonomy":"post_tag","embeddable":true,"href":"https:\/\/www.enteratever.com\/2023\/wp-json\/wp\/v2\/tags?post=173647"}],"curies":[{"name":"wp","href":"https:\/\/api.w.org\/{rel}","templated":true}]}}