{"id":173624,"date":"2021-04-18T22:28:09","date_gmt":"2021-04-18T22:28:09","guid":{"rendered":"https:\/\/www.enteratever.com\/2023\/padres-en-contra-que-estudiantes-regresen-a-clases\/"},"modified":"2021-04-18T22:28:09","modified_gmt":"2021-04-18T22:28:09","slug":"padres-en-contra-que-estudiantes-regresen-a-clases","status":"publish","type":"post","link":"https:\/\/www.enteratever.com\/2023\/2021\/04\/18\/padres-en-contra-que-estudiantes-regresen-a-clases\/","title":{"rendered":"Padres en contra que estudiantes regresen a clases"},"content":{"rendered":"<p>Visitas: 5<\/p>\n<p class=\"wp-block-paragraph\">Poza Rica, Veracruz.- Ante el anuncio de que tanto ni\u00f1o como j\u00f3venes del estado de Veracruz estar\u00e1n regresando a clases presenciales para el mes de mayo, padres de familia han mostrado una preocupaci\u00f3n debido a que temen por la integridad de sus hijos, pues se\u00f1alan que deber\u00edan de protegerlos, por lo que han solicitado que esta decisi\u00f3n sea opcional.<\/p>\n\n\n\n<p class=\"wp-block-paragraph\">Muchos de ellos comentaron que de que sirve que vacunen cuando los ni\u00f1os son los que est\u00e1n m\u00e1s propensos al contacto con otros ni\u00f1os y al no tener una defensa como tal ante el virus puede generar un brote en las instituciones educativas, por lo que es necesario saber las medidas que se estar\u00edan aplicando.<\/p>\n\n\n\n<p class=\"wp-block-paragraph\">La noticia se dio en d\u00edas pasados luego de que el subsecretario de Salud, Hugo L\u00f3pez-Gatell inform\u00f3 que el retorno a clases para Veracruz podr\u00eda darse entre el 13 y 15 de mayo, por lo que los docentes ya comenzaron a realizar su registro para recibir la vacuna, pues esta indicaci\u00f3n es tanto para aquellos que trabajan en instituciones p\u00fablicas como privadas.<\/p>\n\n\n\n<p class=\"wp-block-paragraph\">Cabe destacar que los estudiantes llevan m\u00e1s de un a\u00f1o sin poder recibir clases presenciales, por lo que han recurrido a las aplicaciones para poder continuar con sus estudios, por lo que gracias a que han bajado los \u00edndices de contagios en algunos estados de la rep\u00fablica las autoridades han decidido regresar a sus actividades.<\/p>\n\n\n\n<p class=\"wp-block-paragraph\">Por lo que ser\u00e1n miles de ni\u00f1os y j\u00f3venes los que en el mes de mayo podr\u00e1n regresar a sus clases, pues muchos de estos con el encierro presentaron algunos problemas para comprender algunos temas y otros tuvieron problemas emocionales debido al aislamiento obligado.<\/p>\n","protected":false},"excerpt":{"rendered":"<p>Visitas: 5 Poza Rica, Veracruz.- Ante el anuncio de que tanto ni\u00f1o como j\u00f3venes del estado de Veracruz estar\u00e1n regresando a clases presenciales para el mes de mayo, padres de familia han mostrado una preocupaci\u00f3n debido a que temen por la integridad de sus hijos, pues se\u00f1alan que deber\u00edan de protegerlos, por lo que han [&hellip;]<\/p>\n","protected":false},"author":4,"featured_media":172158,"comment_status":"open","ping_status":"open","sticky":false,"template":"","format":"standard","meta":{"footnotes":""},"categories":[213],"tags":[],"class_list":["post-173624","post","type-post","status-publish","format-standard","has-post-thumbnail","category-poza-rica"],"nelio_content":{"isAutoShareEnabled":true,"autoShareEndMode":"never","automationSources":{"useCustomSentences":false,"customSentences":[]},"followers":[],"suggestedReferences":[],"efiUrl":"","efiAlt":"","highlights":[],"permalinkQueryArgs":[],"series":[]},"_links":{"self":[{"href":"https:\/\/www.enteratever.com\/2023\/wp-json\/wp\/v2\/posts\/173624","targetHints":{"allow":["GET"]}}],"collection":[{"href":"https:\/\/www.enteratever.com\/2023\/wp-json\/wp\/v2\/posts"}],"about":[{"href":"https:\/\/www.enteratever.com\/2023\/wp-json\/wp\/v2\/types\/post"}],"author":[{"embeddable":true,"href":"https:\/\/www.enteratever.com\/2023\/wp-json\/wp\/v2\/users\/4"}],"replies":[{"embeddable":true,"href":"https:\/\/www.enteratever.com\/2023\/wp-json\/wp\/v2\/comments?post=173624"}],"version-history":[{"count":0,"href":"https:\/\/www.enteratever.com\/2023\/wp-json\/wp\/v2\/posts\/173624\/revisions"}],"wp:featuredmedia":[{"embeddable":true,"href":"https:\/\/www.enteratever.com\/2023\/wp-json\/wp\/v2\/media\/172158"}],"wp:attachment":[{"href":"https:\/\/www.enteratever.com\/2023\/wp-json\/wp\/v2\/media?parent=173624"}],"wp:term":[{"taxonomy":"category","embeddable":true,"href":"https:\/\/www.enteratever.com\/2023\/wp-json\/wp\/v2\/categories?post=173624"},{"taxonomy":"post_tag","embeddable":true,"href":"https:\/\/www.enteratever.com\/2023\/wp-json\/wp\/v2\/tags?post=173624"}],"curies":[{"name":"wp","href":"https:\/\/api.w.org\/{rel}","templated":true}]}}