{"id":173610,"date":"2021-04-15T01:09:28","date_gmt":"2021-04-15T01:09:28","guid":{"rendered":"https:\/\/www.enteratever.com\/2023\/jose-kirsch-va-por-la-alcaldia-de-poza-rica\/"},"modified":"2021-04-15T01:09:28","modified_gmt":"2021-04-15T01:09:28","slug":"jose-kirsch-va-por-la-alcaldia-de-poza-rica","status":"publish","type":"post","link":"https:\/\/www.enteratever.com\/2023\/2021\/04\/15\/jose-kirsch-va-por-la-alcaldia-de-poza-rica\/","title":{"rendered":"Jos\u00e9 Kirsch va por la alcald\u00eda de Poza Rica"},"content":{"rendered":"<p>Visitas: 3<\/p>\n<p class=\"wp-block-paragraph\">Jos\u00e9 Kirsch S\u00e1nchez, es nombrado candidato oficial a la presidencia del municipio de Poza Rica, por el partido Podemos, el cual le ofrecieron la oportunidad, ya que cuenta con una gran trayectoria dentro de la pol\u00edtica y es algo que el partido siempre ha buscado.<\/p>\n\n\n\n<p class=\"wp-block-paragraph\">El registro se llev\u00f3 acabo en la capital del estado en las oficinas del partido, durante este mi\u00e9rcoles 14 de abril, en donde retiraron el compromiso que el ciudadano tiene con el pueblo de Poza Rica, por lo que es mucha la sociedad qui\u00e9n conf\u00eda en el ahora candidato de Podemos.<\/p>\n\n\n\n<p class=\"wp-block-paragraph\">A trav\u00e9s de sus redes sociales el candidato a la alcald\u00eda de Poza Rica dio a conocer este importante suceso, adem\u00e1s de que agradeci\u00f3 la oportunidad que el partido le est\u00e1 brindando, al igual agradeci\u00f3 al presidente del partido pol\u00edtico estatal, Francisco Garrido, qui\u00e9n tambi\u00e9n la ha brindado el apoyo para que represente al partido en el municipio.<\/p>\n\n\n\n<figure class=\"wp-block-image size-full\"><img decoding=\"async\" src=\"https:\/\/www.enteratever.com\/2020\/wp-content\/uploads\/2021\/04\/WhatsApp-Image-2021-04-14-at-19.48.49.jpeg\" alt=\"\" class=\"wp-image-42461\"\/><\/figure>\n\n\n\n<p class=\"wp-block-paragraph\">En su mensaje el candidato manifest\u00f3 que sabe que ser\u00e1 una lucha fuerte, pero no imposible, tendremos que salir a trabajar por el municipio merecemos un cambio, Poza Rica, Ver; necesita alguien que los escuch\u00e9 que act\u00fae y que trabaje para todas y todos, el cambio es ahora.<\/p>\n\n\n\n<p class=\"wp-block-paragraph\">Por lo que se\u00f1al\u00f3 que seguir\u00e1 recorriendo todas las colonias de la ciudad, porque es de esta manera como se conoce las necesidades y carencias de cada una de ellas y a si poder traer los mejores proyectos en beneficio de todas y todos.<\/p>\n\n\n\n<figure class=\"wp-block-image size-large\"><img decoding=\"async\" src=\"https:\/\/www.enteratever.com\/2020\/wp-content\/uploads\/2021\/04\/WhatsApp-Image-2021-04-14-at-19.49.16.jpeg\" alt=\"\" class=\"wp-image-42462\"\/><\/figure>\n","protected":false},"excerpt":{"rendered":"<p>Visitas: 3 Jos\u00e9 Kirsch S\u00e1nchez, es nombrado candidato oficial a la presidencia del municipio de Poza Rica, por el partido Podemos, el cual le ofrecieron la oportunidad, ya que cuenta con una gran trayectoria dentro de la pol\u00edtica y es algo que el partido siempre ha buscado. El registro se llev\u00f3 acabo en la capital [&hellip;]<\/p>\n","protected":false},"author":4,"featured_media":173611,"comment_status":"open","ping_status":"open","sticky":false,"template":"","format":"standard","meta":{"footnotes":""},"categories":[213],"tags":[],"class_list":["post-173610","post","type-post","status-publish","format-standard","has-post-thumbnail","category-poza-rica"],"nelio_content":{"isAutoShareEnabled":true,"autoShareEndMode":"never","automationSources":{"useCustomSentences":false,"customSentences":[]},"followers":[],"suggestedReferences":[],"efiUrl":"","efiAlt":"","highlights":[],"permalinkQueryArgs":[],"series":[]},"_links":{"self":[{"href":"https:\/\/www.enteratever.com\/2023\/wp-json\/wp\/v2\/posts\/173610","targetHints":{"allow":["GET"]}}],"collection":[{"href":"https:\/\/www.enteratever.com\/2023\/wp-json\/wp\/v2\/posts"}],"about":[{"href":"https:\/\/www.enteratever.com\/2023\/wp-json\/wp\/v2\/types\/post"}],"author":[{"embeddable":true,"href":"https:\/\/www.enteratever.com\/2023\/wp-json\/wp\/v2\/users\/4"}],"replies":[{"embeddable":true,"href":"https:\/\/www.enteratever.com\/2023\/wp-json\/wp\/v2\/comments?post=173610"}],"version-history":[{"count":0,"href":"https:\/\/www.enteratever.com\/2023\/wp-json\/wp\/v2\/posts\/173610\/revisions"}],"wp:featuredmedia":[{"embeddable":true,"href":"https:\/\/www.enteratever.com\/2023\/wp-json\/wp\/v2\/media\/173611"}],"wp:attachment":[{"href":"https:\/\/www.enteratever.com\/2023\/wp-json\/wp\/v2\/media?parent=173610"}],"wp:term":[{"taxonomy":"category","embeddable":true,"href":"https:\/\/www.enteratever.com\/2023\/wp-json\/wp\/v2\/categories?post=173610"},{"taxonomy":"post_tag","embeddable":true,"href":"https:\/\/www.enteratever.com\/2023\/wp-json\/wp\/v2\/tags?post=173610"}],"curies":[{"name":"wp","href":"https:\/\/api.w.org\/{rel}","templated":true}]}}