{"id":173606,"date":"2021-04-14T23:08:37","date_gmt":"2021-04-14T23:08:37","guid":{"rendered":"https:\/\/www.enteratever.com\/2023\/2-millones-de-pesos-de-perdidas-para-los-organizadores-de-eventos\/"},"modified":"2021-04-14T23:08:37","modified_gmt":"2021-04-14T23:08:37","slug":"2-millones-de-pesos-de-perdidas-para-los-organizadores-de-eventos","status":"publish","type":"post","link":"https:\/\/www.enteratever.com\/2023\/2021\/04\/14\/2-millones-de-pesos-de-perdidas-para-los-organizadores-de-eventos\/","title":{"rendered":"2 millones de pesos de p\u00e9rdidas para los organizadores de eventos"},"content":{"rendered":"<p>Visitas: 0<\/p>\n<p class=\"wp-block-paragraph\">Con el cambio del color del sem\u00e1foro epidemiol\u00f3gico el sector de eventos sociales se\u00f1al que esto les estar\u00e1 permitiendo comenzar a trabajar, de acuerdo con V\u00edctor Vera, representante de este sector se\u00f1al\u00f3 que son un promedio de 400 agremiados, los cuales se han visto afectados por la cancelaci\u00f3n de eventos sociales.<\/p>\n\n\n\n<p class=\"wp-block-paragraph\">El representante dijo que en el 2020 registraron p\u00e9rdidas hasta de dos millones de pesos, por lo que muchos de los salones de eventos se vieron en la necesidad de cerrar, es por eso que con el cambio del color del sem\u00e1foro est\u00e1n invit\u00e1ndolos a qu\u00e9 vuelvan a prestar los servicios, aunque muchos siguen en dilema por el temor a que les vuelva a solicitar que cierren.<\/p>\n\n\n\n<p class=\"wp-block-paragraph\">V\u00edctor Vera mencion\u00f3 que en el municipio hay un total de 15 salones de fiestas que se encuentran cerrados, por lo que son m\u00e1s de tres mil familias que se han visto afectadas, pues record\u00f3 que no solo son los due\u00f1os de eventos sociales sino tambi\u00e9n fot\u00f3grafos, maquillistas, meseros, sonidos, organizadores de eventos y de m\u00e1s personas que forman parte de este gremio.<\/p>\n\n\n\n<p class=\"wp-block-paragraph\">Manifest\u00f3 que seguir\u00e1n trabajando con eventos peque\u00f1os y respetando las medidas sanitarias, esto con el objetivo de cuidar la salud de los empleados como de las personas que acudan a los eventos, por lo que est\u00e1n teniendo juntas con el personal del ayuntamiento para implementar estrategias que favorezcan a los prestadores de servicios.<\/p>\n\n\n\n<p class=\"wp-block-paragraph\">Asimismo se\u00f1al\u00f3 que se encuentran reactivando sus actividades a un 35 por ciento, por lo que esperan que el sem\u00e1foro los favorezca y puedan seguir trabajando sin problema alguno, pues coment\u00f3 que fue una necesidad por qu\u00e9 ya no pod\u00edan seguir sin poder trabajar, pues muchos de ellos son jefes de familia y tiene gastos como cualquier otra persona.<\/p>\n","protected":false},"excerpt":{"rendered":"<p>Visitas: 0 Con el cambio del color del sem\u00e1foro epidemiol\u00f3gico el sector de eventos sociales se\u00f1al que esto les estar\u00e1 permitiendo comenzar a trabajar, de acuerdo con V\u00edctor Vera, representante de este sector se\u00f1al\u00f3 que son un promedio de 400 agremiados, los cuales se han visto afectados por la cancelaci\u00f3n de eventos sociales. El representante [&hellip;]<\/p>\n","protected":false},"author":4,"featured_media":173607,"comment_status":"open","ping_status":"open","sticky":false,"template":"","format":"standard","meta":{"footnotes":""},"categories":[213],"tags":[],"class_list":["post-173606","post","type-post","status-publish","format-standard","has-post-thumbnail","category-poza-rica"],"nelio_content":{"isAutoShareEnabled":true,"autoShareEndMode":"never","automationSources":{"useCustomSentences":false,"customSentences":[]},"followers":[],"suggestedReferences":[],"efiUrl":"","efiAlt":"","highlights":[],"permalinkQueryArgs":[],"series":[]},"_links":{"self":[{"href":"https:\/\/www.enteratever.com\/2023\/wp-json\/wp\/v2\/posts\/173606","targetHints":{"allow":["GET"]}}],"collection":[{"href":"https:\/\/www.enteratever.com\/2023\/wp-json\/wp\/v2\/posts"}],"about":[{"href":"https:\/\/www.enteratever.com\/2023\/wp-json\/wp\/v2\/types\/post"}],"author":[{"embeddable":true,"href":"https:\/\/www.enteratever.com\/2023\/wp-json\/wp\/v2\/users\/4"}],"replies":[{"embeddable":true,"href":"https:\/\/www.enteratever.com\/2023\/wp-json\/wp\/v2\/comments?post=173606"}],"version-history":[{"count":0,"href":"https:\/\/www.enteratever.com\/2023\/wp-json\/wp\/v2\/posts\/173606\/revisions"}],"wp:featuredmedia":[{"embeddable":true,"href":"https:\/\/www.enteratever.com\/2023\/wp-json\/wp\/v2\/media\/173607"}],"wp:attachment":[{"href":"https:\/\/www.enteratever.com\/2023\/wp-json\/wp\/v2\/media?parent=173606"}],"wp:term":[{"taxonomy":"category","embeddable":true,"href":"https:\/\/www.enteratever.com\/2023\/wp-json\/wp\/v2\/categories?post=173606"},{"taxonomy":"post_tag","embeddable":true,"href":"https:\/\/www.enteratever.com\/2023\/wp-json\/wp\/v2\/tags?post=173606"}],"curies":[{"name":"wp","href":"https:\/\/api.w.org\/{rel}","templated":true}]}}