{"id":173568,"date":"2021-04-08T20:13:42","date_gmt":"2021-04-08T20:13:42","guid":{"rendered":"https:\/\/www.enteratever.com\/2023\/mario-basanez-tambien-busca-la-alcaldia-de-poza-rica\/"},"modified":"2021-04-08T20:13:42","modified_gmt":"2021-04-08T20:13:42","slug":"mario-basanez-tambien-busca-la-alcaldia-de-poza-rica","status":"publish","type":"post","link":"https:\/\/www.enteratever.com\/2023\/2021\/04\/08\/mario-basanez-tambien-busca-la-alcaldia-de-poza-rica\/","title":{"rendered":"Mario Bas\u00e1\u00f1ez tambi\u00e9n busca la alcald\u00eda de Poza Rica"},"content":{"rendered":"<p>Visitas: 14<\/p>\n<p class=\"wp-block-paragraph\">Mario Bas\u00e1\u00f1ez, precandidato a la alcald\u00eda de Poza Rica, dijo que es nulo el trabajo que han realizado los representantes del V distrito en estos casi cuatro a\u00f1os, Congreso del Estado y de la Uni\u00f3n, por lo que de verse favorecido por las encuentras estar\u00e1 trabajando de verdad por el municipio que a\u00fan le hacen falta muchos cosas.<\/p>\n\n\n\n<p class=\"wp-block-paragraph\">En una rueda de prensa en la que el aspirante quiso dar a conocer su inter\u00e9s por participar en el pr\u00f3ximo proceso electoral, qui\u00e9n dijo que cuenta con la preparaci\u00f3n necesaria para representar al partido, por lo que dijo que no se hab\u00eda atrevido a decir por qu\u00e9 como se sabe el estaba prestado un servicio como director de Obras P\u00fablicas.<\/p>\n\n\n\n<p class=\"wp-block-paragraph\">Destac\u00f3 que el reto es dar continuidad a esta labor de trabajo de un equipo comprometido con la 4T, ya que la misma ciudadan\u00eda reconoce que la actual administraci\u00f3n esta poniendo el ejemplo, y por ello afirm\u00f3, se pueden ir solucionando varios de los problemas que nunca se hab\u00edan atendido.<\/p>\n\n\n\n<figure class=\"wp-block-image size-full\"><img decoding=\"async\" src=\"https:\/\/www.enteratever.com\/2020\/wp-content\/uploads\/2021\/04\/WhatsApp-Image-2021-04-08-at-14.33.36.jpeg\" alt=\"\" class=\"wp-image-41969\"\/><\/figure>\n\n\n\n<p class=\"wp-block-paragraph\">El aspirante acept\u00f3 que todav\u00eda falta mucho por resolver, principalmente los problemas enormes como la dotaci\u00f3n suficiente del agua potable, el saneamiento de los arroyos y el tratamiento de las aguas residuales, el ordenamiento de la vialidad en la ciudad, el manejo de la basura y su destino final, la contaminaci\u00f3n atmosf\u00e9rica y ac\u00fastica, el comercio ambulante, la falta de empleo, el da\u00f1o econ\u00f3mico y emocional que ha causado la pandemia a la poblaci\u00f3n.<\/p>\n\n\n\n<p class=\"wp-block-paragraph\">Destac\u00f3 que en caso de que las encuestas no lo favorezcan el no estar\u00e1 haciendo ning\u00fan tipo de acusaci\u00f3n de que sea una imposici\u00f3n, pues se supone que son personas adultas y est\u00e1n ah\u00ed para representar al partido y trabajar por el bienestar de todos, no por querer ganar m\u00e1s o mejorar su estatus de vida.<\/p>\n","protected":false},"excerpt":{"rendered":"<p>Visitas: 14 Mario Bas\u00e1\u00f1ez, precandidato a la alcald\u00eda de Poza Rica, dijo que es nulo el trabajo que han realizado los representantes del V distrito en estos casi cuatro a\u00f1os, Congreso del Estado y de la Uni\u00f3n, por lo que de verse favorecido por las encuentras estar\u00e1 trabajando de verdad por el municipio que a\u00fan [&hellip;]<\/p>\n","protected":false},"author":4,"featured_media":173569,"comment_status":"open","ping_status":"open","sticky":false,"template":"","format":"standard","meta":{"footnotes":""},"categories":[213],"tags":[],"class_list":["post-173568","post","type-post","status-publish","format-standard","has-post-thumbnail","category-poza-rica"],"nelio_content":{"isAutoShareEnabled":true,"autoShareEndMode":"never","automationSources":{"useCustomSentences":false,"customSentences":[]},"followers":[],"suggestedReferences":[],"efiUrl":"","efiAlt":"","highlights":[],"permalinkQueryArgs":[],"series":[]},"_links":{"self":[{"href":"https:\/\/www.enteratever.com\/2023\/wp-json\/wp\/v2\/posts\/173568","targetHints":{"allow":["GET"]}}],"collection":[{"href":"https:\/\/www.enteratever.com\/2023\/wp-json\/wp\/v2\/posts"}],"about":[{"href":"https:\/\/www.enteratever.com\/2023\/wp-json\/wp\/v2\/types\/post"}],"author":[{"embeddable":true,"href":"https:\/\/www.enteratever.com\/2023\/wp-json\/wp\/v2\/users\/4"}],"replies":[{"embeddable":true,"href":"https:\/\/www.enteratever.com\/2023\/wp-json\/wp\/v2\/comments?post=173568"}],"version-history":[{"count":0,"href":"https:\/\/www.enteratever.com\/2023\/wp-json\/wp\/v2\/posts\/173568\/revisions"}],"wp:featuredmedia":[{"embeddable":true,"href":"https:\/\/www.enteratever.com\/2023\/wp-json\/wp\/v2\/media\/173569"}],"wp:attachment":[{"href":"https:\/\/www.enteratever.com\/2023\/wp-json\/wp\/v2\/media?parent=173568"}],"wp:term":[{"taxonomy":"category","embeddable":true,"href":"https:\/\/www.enteratever.com\/2023\/wp-json\/wp\/v2\/categories?post=173568"},{"taxonomy":"post_tag","embeddable":true,"href":"https:\/\/www.enteratever.com\/2023\/wp-json\/wp\/v2\/tags?post=173568"}],"curies":[{"name":"wp","href":"https:\/\/api.w.org\/{rel}","templated":true}]}}