{"id":173566,"date":"2021-04-08T19:49:03","date_gmt":"2021-04-08T19:49:03","guid":{"rendered":"https:\/\/www.enteratever.com\/2023\/militancia-del-prd-asegura-que-goyo-gomez-es-victima-de-persecucion-politica\/"},"modified":"2021-04-08T19:49:03","modified_gmt":"2021-04-08T19:49:03","slug":"militancia-del-prd-asegura-que-goyo-gomez-es-victima-de-persecucion-politica","status":"publish","type":"post","link":"https:\/\/www.enteratever.com\/2023\/2021\/04\/08\/militancia-del-prd-asegura-que-goyo-gomez-es-victima-de-persecucion-politica\/","title":{"rendered":"Militancia del PRD asegura que Goyo G\u00f3mez es v\u00edctima de persecuci\u00f3n pol\u00edtica"},"content":{"rendered":"<p>Visitas: 10<\/p>\n<p class=\"wp-block-paragraph\">Militancia del Partido de la Revoluci\u00f3n Democr\u00e1tica (PRD) aseguran que la persecuci\u00f3n contra Gregorio G\u00f3mez Mart\u00ednez est\u00e1 llena de irregularidad y abuso de poder que deriva de una persecuci\u00f3n pol\u00edtica que realiza Morena contra quienes son sus principales contendientes, afirm\u00f3 el dirigente del PRD en Veracruz, Sergio Cadena Mart\u00ednez.<\/p>\n\n\n\n<p class=\"wp-block-paragraph\">En su mensaje aseguraron que recurrir\u00e1n a la v\u00eda legal, ya que despu\u00e9s de que se llevaron al ex alcalde de Tihuatl\u00e1n se llevaron computadoras y c\u00e1maras para que no hubiera pruebas de la forma tan violentan y que se dieran cuenta que estaban violando los derechos humanos de G\u00f3mez Mart\u00ednez y de su personal a qui\u00e9nes son importar que son mujeres golpearon y las encapucharon para llevarse toda la evidencia.<\/p>\n\n\n\n<p class=\"wp-block-paragraph\">Por su parte Estefan\u00eda G\u00f3mez, hija de Gregorio G\u00f3mez, manifest\u00f3 que entre su familia hay temor por el actuar del gobierno estatal y exhort\u00f3 a tener empat\u00eda por la situaci\u00f3n que viven y los momentos de angustia al no poder localizar a su padre durante m\u00e1s de nueve horas.<\/p>\n\n\n\n<p class=\"wp-block-paragraph\">Azucena Rodr\u00edguez Zamora, Diputada Federal mencion\u00f3 que despu\u00e9s de varios horas de b\u00fasqueda se logr\u00f3 dar con su paradero, pero tienen conocimiento que se encuentra lesionado adem\u00e1s de que fue obligado a firmar una declaraci\u00f3n e incluso a accionar un arma de fuego que temen sea utilizada como prueba para involucrarlo en alg\u00fan hecho delictivo.<\/p>\n\n\n\n<p class=\"wp-block-paragraph\">Por lo que se\u00f1alan que es evidente que el gobierno estatal quiere dividir a la partido y a la coalici\u00f3n para tener la oportunidad de seguir en el poder, por lo que no se dejar\u00e1n y seguir\u00e1n luchando para liberar a Gregorio G\u00f3mez Mart\u00ednez y a Rogelio Franco Cast\u00e1n, qui\u00e9n tambi\u00e9n se encuentra detenido por rasgarle la camisa a un polic\u00eda.<\/p>\n\n\n\n<p class=\"wp-block-paragraph\">Recordaron que el partido interpondr\u00e1 una demanda en contra de el Gobernador, la Fiscal\u00eda por estos actos de abuso de poder por parte de los funcionarios estatales, pues ellos tanto que se quejaron de los partidos, que eran unos corruptos, que eran lo peor que le pudo pasar al pa\u00eds y es el mismo gobierno qui\u00e9n se ha encargado de dejar en claro que son un gobierno opresor.<\/p>\n\n\n\n<figure class=\"wp-block-gallery columns-1 wp-block-gallery-1 is-layout-flex wp-block-gallery-is-layout-flex\"><ul class=\"blocks-gallery-grid\"><li class=\"blocks-gallery-item\"><figure><img decoding=\"async\" src=\"https:\/\/www.enteratever.com\/2020\/wp-content\/uploads\/2021\/04\/WhatsApp-Image-2021-04-08-at-13.24.38.jpeg\" alt=\"\" data-id=\"41962\" data-full-url=\"https:\/\/www.enteratever.com\/2020\/wp-content\/uploads\/2021\/04\/WhatsApp-Image-2021-04-08-at-13.24.38.jpeg\" data-link=\"https:\/\/www.enteratever.com\/?attachment_id=41962\" class=\"wp-image-41962\"\/><\/figure><\/li><li class=\"blocks-gallery-item\"><figure><img decoding=\"async\" src=\"https:\/\/www.enteratever.com\/2020\/wp-content\/uploads\/2021\/04\/WhatsApp-Image-2021-04-08-at-13.24.39.jpeg\" alt=\"\" data-id=\"41963\" data-full-url=\"https:\/\/www.enteratever.com\/2020\/wp-content\/uploads\/2021\/04\/WhatsApp-Image-2021-04-08-at-13.24.39.jpeg\" data-link=\"https:\/\/www.enteratever.com\/?attachment_id=41963\" class=\"wp-image-41963\"\/><\/figure><\/li><li class=\"blocks-gallery-item\"><figure><img decoding=\"async\" src=\"https:\/\/www.enteratever.com\/2020\/wp-content\/uploads\/2021\/04\/WhatsApp-Image-2021-04-08-at-13.24.40.jpeg\" alt=\"\" data-id=\"41964\" data-full-url=\"https:\/\/www.enteratever.com\/2020\/wp-content\/uploads\/2021\/04\/WhatsApp-Image-2021-04-08-at-13.24.40.jpeg\" data-link=\"https:\/\/www.enteratever.com\/?attachment_id=41964\" class=\"wp-image-41964\"\/><\/figure><\/li><li class=\"blocks-gallery-item\"><figure><img decoding=\"async\" src=\"https:\/\/www.enteratever.com\/2020\/wp-content\/uploads\/2021\/04\/WhatsApp-Image-2021-04-08-at-13.24.57.jpeg\" alt=\"\" data-id=\"41965\" data-full-url=\"https:\/\/www.enteratever.com\/2020\/wp-content\/uploads\/2021\/04\/WhatsApp-Image-2021-04-08-at-13.24.57.jpeg\" data-link=\"https:\/\/www.enteratever.com\/?attachment_id=41965\" class=\"wp-image-41965\"\/><\/figure><\/li><li class=\"blocks-gallery-item\"><figure><img decoding=\"async\" src=\"https:\/\/www.enteratever.com\/2020\/wp-content\/uploads\/2021\/04\/WhatsApp-Image-2021-04-08-at-13.25.16.jpeg\" alt=\"\" data-id=\"41966\" data-full-url=\"https:\/\/www.enteratever.com\/2020\/wp-content\/uploads\/2021\/04\/WhatsApp-Image-2021-04-08-at-13.25.16.jpeg\" data-link=\"https:\/\/www.enteratever.com\/?attachment_id=41966\" class=\"wp-image-41966\"\/><\/figure><\/li><\/ul><\/figure>\n","protected":false},"excerpt":{"rendered":"<p>Visitas: 10 Militancia del Partido de la Revoluci\u00f3n Democr\u00e1tica (PRD) aseguran que la persecuci\u00f3n contra Gregorio G\u00f3mez Mart\u00ednez est\u00e1 llena de irregularidad y abuso de poder que deriva de una persecuci\u00f3n pol\u00edtica que realiza Morena contra quienes son sus principales contendientes, afirm\u00f3 el dirigente del PRD en Veracruz, Sergio Cadena Mart\u00ednez. En su mensaje aseguraron [&hellip;]<\/p>\n","protected":false},"author":4,"featured_media":173567,"comment_status":"open","ping_status":"open","sticky":false,"template":"","format":"standard","meta":{"footnotes":""},"categories":[213],"tags":[],"class_list":["post-173566","post","type-post","status-publish","format-standard","has-post-thumbnail","category-poza-rica"],"nelio_content":{"isAutoShareEnabled":true,"autoShareEndMode":"never","automationSources":{"useCustomSentences":false,"customSentences":[]},"followers":[],"suggestedReferences":[],"efiUrl":"","efiAlt":"","highlights":[],"permalinkQueryArgs":[],"series":[]},"_links":{"self":[{"href":"https:\/\/www.enteratever.com\/2023\/wp-json\/wp\/v2\/posts\/173566","targetHints":{"allow":["GET"]}}],"collection":[{"href":"https:\/\/www.enteratever.com\/2023\/wp-json\/wp\/v2\/posts"}],"about":[{"href":"https:\/\/www.enteratever.com\/2023\/wp-json\/wp\/v2\/types\/post"}],"author":[{"embeddable":true,"href":"https:\/\/www.enteratever.com\/2023\/wp-json\/wp\/v2\/users\/4"}],"replies":[{"embeddable":true,"href":"https:\/\/www.enteratever.com\/2023\/wp-json\/wp\/v2\/comments?post=173566"}],"version-history":[{"count":0,"href":"https:\/\/www.enteratever.com\/2023\/wp-json\/wp\/v2\/posts\/173566\/revisions"}],"wp:featuredmedia":[{"embeddable":true,"href":"https:\/\/www.enteratever.com\/2023\/wp-json\/wp\/v2\/media\/173567"}],"wp:attachment":[{"href":"https:\/\/www.enteratever.com\/2023\/wp-json\/wp\/v2\/media?parent=173566"}],"wp:term":[{"taxonomy":"category","embeddable":true,"href":"https:\/\/www.enteratever.com\/2023\/wp-json\/wp\/v2\/categories?post=173566"},{"taxonomy":"post_tag","embeddable":true,"href":"https:\/\/www.enteratever.com\/2023\/wp-json\/wp\/v2\/tags?post=173566"}],"curies":[{"name":"wp","href":"https:\/\/api.w.org\/{rel}","templated":true}]}}