{"id":173562,"date":"2021-04-07T21:54:06","date_gmt":"2021-04-07T21:54:06","guid":{"rendered":"https:\/\/www.enteratever.com\/2023\/por-falta-de-interes-ople-no-cumple-la-meta-de-inscripciones-ciudadanas\/"},"modified":"2021-04-07T21:54:06","modified_gmt":"2021-04-07T21:54:06","slug":"por-falta-de-interes-ople-no-cumple-la-meta-de-inscripciones-ciudadanas","status":"publish","type":"post","link":"https:\/\/www.enteratever.com\/2023\/2021\/04\/07\/por-falta-de-interes-ople-no-cumple-la-meta-de-inscripciones-ciudadanas\/","title":{"rendered":"Por falta de inter\u00e9s OPLE no cumple la meta de inscripciones ciudadanas"},"content":{"rendered":"<p>Visitas: 2<\/p>\n<p class=\"wp-block-paragraph\">Poza Rica, Veracruz.- A pesar de que se ampli\u00f3 el tiempo para que los ciudadanos tuvieran la oportunidad de registrarse en la campa\u00f1a que el Organismo P\u00fablico Local Electoral (Ople), solo se logr\u00f3 registrar a un total de 298 aspirantes de los 476 lugares que se estaban ofertando en esta ciudad, as\u00ed lo dio a conocer Aurora del Carmen Franco Hern\u00e1ndez, Consejera Presidente del organismo.<\/p>\n\n\n\n<p class=\"wp-block-paragraph\">En entrevista inform\u00f3 que aunque no se logr\u00f3 llegar a la meta que se ten\u00eda, se cuenta con los aspirantes necesarios para elegir a quienes estar\u00e1n ocupando una de las 95 vacantes disponibles, por lo que en pr\u00f3ximos d\u00edas se estar\u00e1 llevando el examen con el que se sabr\u00e1 quienes tendr\u00e1n la oportunidad de trabajar en este organismo electoral.<\/p>\n\n\n\n<figure class=\"wp-block-gallery columns-1 is-cropped wp-block-gallery-1 is-layout-flex wp-block-gallery-is-layout-flex\"><ul class=\"blocks-gallery-grid\"><li class=\"blocks-gallery-item\"><figure><img decoding=\"async\" src=\"https:\/\/www.enteratever.com\/2020\/wp-content\/uploads\/2021\/04\/WhatsApp-Image-2021-04-07-at-15.23.37.jpeg\" alt=\"\" data-id=\"41886\" data-full-url=\"https:\/\/www.enteratever.com\/2020\/wp-content\/uploads\/2021\/04\/WhatsApp-Image-2021-04-07-at-15.23.37.jpeg\" data-link=\"https:\/\/www.enteratever.com\/?attachment_id=41886\" class=\"wp-image-41886\"\/><\/figure><\/li><\/ul><\/figure>\n\n\n\n<p class=\"wp-block-paragraph\">Coment\u00f3 que el trabajo que los supervisores y capacitadores electorales, tendr\u00e1n es la tarea de manejar la documentaci\u00f3n y materiales electorales, tendr\u00e1n acceso al Sistema de Informaci\u00f3n sobre el desarrollo de la jornada electoral, al trasladado los paquetes electorales a los consejos distritales y municipales, adem\u00e1s a los c\u00f3mputos de votos.<\/p>\n\n\n\n<p class=\"wp-block-paragraph\">Aurora del Carmen Franco mencion\u00f3 que el examen se aplicar\u00e1 el pr\u00f3ximo 10 de abril a las 9:00 horas en la Escuela Secundaria Federal n\u00famero 2, donde tambi\u00e9n se realizar\u00e1n las entrevistas correspondientes, los elegidos se incorporar\u00e1n a sus actividades durante un per\u00edodo de 50 d\u00edas, que iniciar\u00e1 el 23 de abril y concluir\u00e1 el 15 de junio.<\/p>\n\n\n\n<p class=\"wp-block-paragraph\">Cabe se\u00f1alar que en entrevistas pasada hab\u00edan dicho que hab\u00eda una falta de inter\u00e9s por parte de la ciudadan\u00eda, adem\u00e1s de que muchos de los ciudadanos emigraron a otras partes de la rep\u00fablica para buscar mejores oportunidades de trabajo, situaci\u00f3n que se presentaban en todo el pa\u00eds, por lo que este proceso elecroral es muy diferente a todos los dem\u00e1s.<\/p>\n","protected":false},"excerpt":{"rendered":"<p>Visitas: 2 Poza Rica, Veracruz.- A pesar de que se ampli\u00f3 el tiempo para que los ciudadanos tuvieran la oportunidad de registrarse en la campa\u00f1a que el Organismo P\u00fablico Local Electoral (Ople), solo se logr\u00f3 registrar a un total de 298 aspirantes de los 476 lugares que se estaban ofertando en esta ciudad, as\u00ed lo [&hellip;]<\/p>\n","protected":false},"author":4,"featured_media":173563,"comment_status":"open","ping_status":"open","sticky":false,"template":"","format":"standard","meta":{"footnotes":""},"categories":[213],"tags":[],"class_list":["post-173562","post","type-post","status-publish","format-standard","has-post-thumbnail","category-poza-rica"],"nelio_content":{"isAutoShareEnabled":true,"autoShareEndMode":"never","automationSources":{"useCustomSentences":false,"customSentences":[]},"followers":[],"suggestedReferences":[],"efiUrl":"","efiAlt":"","highlights":[],"permalinkQueryArgs":[],"series":[]},"_links":{"self":[{"href":"https:\/\/www.enteratever.com\/2023\/wp-json\/wp\/v2\/posts\/173562","targetHints":{"allow":["GET"]}}],"collection":[{"href":"https:\/\/www.enteratever.com\/2023\/wp-json\/wp\/v2\/posts"}],"about":[{"href":"https:\/\/www.enteratever.com\/2023\/wp-json\/wp\/v2\/types\/post"}],"author":[{"embeddable":true,"href":"https:\/\/www.enteratever.com\/2023\/wp-json\/wp\/v2\/users\/4"}],"replies":[{"embeddable":true,"href":"https:\/\/www.enteratever.com\/2023\/wp-json\/wp\/v2\/comments?post=173562"}],"version-history":[{"count":0,"href":"https:\/\/www.enteratever.com\/2023\/wp-json\/wp\/v2\/posts\/173562\/revisions"}],"wp:featuredmedia":[{"embeddable":true,"href":"https:\/\/www.enteratever.com\/2023\/wp-json\/wp\/v2\/media\/173563"}],"wp:attachment":[{"href":"https:\/\/www.enteratever.com\/2023\/wp-json\/wp\/v2\/media?parent=173562"}],"wp:term":[{"taxonomy":"category","embeddable":true,"href":"https:\/\/www.enteratever.com\/2023\/wp-json\/wp\/v2\/categories?post=173562"},{"taxonomy":"post_tag","embeddable":true,"href":"https:\/\/www.enteratever.com\/2023\/wp-json\/wp\/v2\/tags?post=173562"}],"curies":[{"name":"wp","href":"https:\/\/api.w.org\/{rel}","templated":true}]}}