{"id":173552,"date":"2021-04-05T19:36:43","date_gmt":"2021-04-05T19:36:43","guid":{"rendered":"https:\/\/www.enteratever.com\/2023\/arturo-segura-inicia-funciones-como-director-de-pc-en-poza-rica\/"},"modified":"2021-04-05T19:36:43","modified_gmt":"2021-04-05T19:36:43","slug":"arturo-segura-inicia-funciones-como-director-de-pc-en-poza-rica","status":"publish","type":"post","link":"https:\/\/www.enteratever.com\/2023\/2021\/04\/05\/arturo-segura-inicia-funciones-como-director-de-pc-en-poza-rica\/","title":{"rendered":"Arturo Segura inicia funciones como director de PC en Poza Rica"},"content":{"rendered":"<p>Visitas: 18<\/p>\n<p class=\"wp-block-paragraph\">De manera oficial la ma\u00f1ana de este lunes cinco de abril Arturo Segura Hern\u00e1ndez, toma posesi\u00f3n como Director de Protecci\u00f3n Civil (PC) en Poza Rica, esto luego de que Jos\u00e9 Jes\u00fas Garc\u00eda Cruz renunciar\u00e1 al cargo en d\u00edas pasados, esto para competir en el pr\u00f3ximo proceso electoral.<\/p>\n\n\n\n<p class=\"wp-block-paragraph\">En entrevista se\u00f1al\u00f3 que dar\u00e1 continuidad a los programas operativos y actividades que ya se ven\u00edan realizando en este municipio, adem\u00e1s coment\u00f3 que ya formaba parte del cuerpo operativo, por lo que se comprometi\u00f3 a finalizar el programa de acci\u00f3n que ya Se ten\u00eda contemplado, por lo que la encomienda es continuar con los programas y proyectos que se ven\u00edan realizando desde el inicio de la administraci\u00f3n.<\/p>\n\n\n\n<p class=\"wp-block-paragraph\">Mencion\u00f3 que el encargado del Cuerpo de Bomberos Municipal es Luis Ramos, qui\u00e9n se desempe\u00f1aba como jefe operativo de la citada unidad, pues es la persona que fue es con todos los conocimientos para tener el cargo, adem\u00e1s de que capacitaci\u00f3n del personal y se trabajar\u00e1 en la actualizaci\u00f3n del Atlas de Riesgo.<\/p>\n\n\n\n<p class=\"wp-block-paragraph\">El ahora director de PC coment\u00f3 que est\u00e9 es un logro personal, por lo que conoce el gran compromiso que representa por lo que estar\u00e1 trabajando para continuar con todos los proyectos que estaban en puerta, por lo que los servicios que broma la oficina seguir\u00e1n y la ciudadan\u00eda que los requiera podr\u00e1 llamar sin importar la hora.<\/p>\n\n\n\n<p class=\"wp-block-paragraph\">Cabe destacar que el nuevo director de Protecci\u00f3n Civil es egresados de la UV en la Carrera de Ingenier\u00eda Ambiental, cuenta con diversos cursos en el tema de seguridad ambiental y de Protecci\u00f3n Civil, adem\u00e1s de contar con dos a\u00f1os laborando como operativo en integrante del cuerpo de bomberos.<\/p>\n","protected":false},"excerpt":{"rendered":"<p>Visitas: 18 De manera oficial la ma\u00f1ana de este lunes cinco de abril Arturo Segura Hern\u00e1ndez, toma posesi\u00f3n como Director de Protecci\u00f3n Civil (PC) en Poza Rica, esto luego de que Jos\u00e9 Jes\u00fas Garc\u00eda Cruz renunciar\u00e1 al cargo en d\u00edas pasados, esto para competir en el pr\u00f3ximo proceso electoral. En entrevista se\u00f1al\u00f3 que dar\u00e1 continuidad [&hellip;]<\/p>\n","protected":false},"author":4,"featured_media":173553,"comment_status":"open","ping_status":"open","sticky":false,"template":"","format":"standard","meta":{"footnotes":""},"categories":[213],"tags":[],"class_list":["post-173552","post","type-post","status-publish","format-standard","has-post-thumbnail","category-poza-rica"],"nelio_content":{"isAutoShareEnabled":true,"autoShareEndMode":"never","automationSources":{"useCustomSentences":false,"customSentences":[]},"followers":[],"suggestedReferences":[],"efiUrl":"","efiAlt":"","highlights":[],"permalinkQueryArgs":[],"series":[]},"_links":{"self":[{"href":"https:\/\/www.enteratever.com\/2023\/wp-json\/wp\/v2\/posts\/173552","targetHints":{"allow":["GET"]}}],"collection":[{"href":"https:\/\/www.enteratever.com\/2023\/wp-json\/wp\/v2\/posts"}],"about":[{"href":"https:\/\/www.enteratever.com\/2023\/wp-json\/wp\/v2\/types\/post"}],"author":[{"embeddable":true,"href":"https:\/\/www.enteratever.com\/2023\/wp-json\/wp\/v2\/users\/4"}],"replies":[{"embeddable":true,"href":"https:\/\/www.enteratever.com\/2023\/wp-json\/wp\/v2\/comments?post=173552"}],"version-history":[{"count":0,"href":"https:\/\/www.enteratever.com\/2023\/wp-json\/wp\/v2\/posts\/173552\/revisions"}],"wp:featuredmedia":[{"embeddable":true,"href":"https:\/\/www.enteratever.com\/2023\/wp-json\/wp\/v2\/media\/173553"}],"wp:attachment":[{"href":"https:\/\/www.enteratever.com\/2023\/wp-json\/wp\/v2\/media?parent=173552"}],"wp:term":[{"taxonomy":"category","embeddable":true,"href":"https:\/\/www.enteratever.com\/2023\/wp-json\/wp\/v2\/categories?post=173552"},{"taxonomy":"post_tag","embeddable":true,"href":"https:\/\/www.enteratever.com\/2023\/wp-json\/wp\/v2\/tags?post=173552"}],"curies":[{"name":"wp","href":"https:\/\/api.w.org\/{rel}","templated":true}]}}