{"id":173551,"date":"2021-04-05T18:38:49","date_gmt":"2021-04-05T18:38:49","guid":{"rendered":"https:\/\/www.enteratever.com\/2023\/vacunan-contra-covid-19-a-24-internos-del-cereso-en-poza-rica\/"},"modified":"2021-04-05T18:38:49","modified_gmt":"2021-04-05T18:38:49","slug":"vacunan-contra-covid-19-a-24-internos-del-cereso-en-poza-rica","status":"publish","type":"post","link":"https:\/\/www.enteratever.com\/2023\/2021\/04\/05\/vacunan-contra-covid-19-a-24-internos-del-cereso-en-poza-rica\/","title":{"rendered":"Vacunan contra Covid-19  a 24 internos del Cereso en Poza Rica"},"content":{"rendered":"<p>Visitas: 3<\/p>\n<p class=\"wp-block-paragraph\">Un total de 24 personas de la tercera edad que se encuentran en el Centro de Readaptaci\u00f3n Social (Cereso) de Poza Rica, la ma\u00f1ana de este lunes cinco de abril recibieron la primera dosis de la vacuna contra Covid-19, por parte del personal de la Jurisdicci\u00f3n Sanitaria n\u00famero tres.<\/p>\n\n\n\n<p class=\"wp-block-paragraph\">Durante la ma\u00f1ana de este lunes el personal del sector salud se dieron cita para comenzar con la aplicaci\u00f3n de la vacuna con ellos acudieron los elementos del Ej\u00e9rcito Mexicano, por lo que ingresaron al Cereso de la ciudad para aplicar la dosis a las personas que se encuentran privadas de su libertad.<\/p>\n\n\n\n<p class=\"wp-block-paragraph\">De acuerdo con fuentes extra oficiales 24 adultos mayores de 60 a\u00f1os fueron vacunados contra el Covid-19 en el Cereso de esta ciudad, una acci\u00f3n que fue coordinada por el personal penitenciario de esta urbe petrolera y que se realiz\u00f3 en plena clama y orden.<\/p>\n\n\n\n<figure class=\"wp-block-image size-full\"><img decoding=\"async\" src=\"https:\/\/www.enteratever.com\/2020\/wp-content\/uploads\/2021\/04\/WhatsApp-Image-2021-04-05-at-13.24.41.jpeg\" alt=\"\" class=\"wp-image-41671\"\/><\/figure>\n\n\n\n<p class=\"wp-block-paragraph\">Es importante mencionar que el proceso de vacunaci\u00f3n se llev\u00f3 acabo una vez de que concluy\u00f3 el periodo de vacunaci\u00f3n que en sanas pasadas se llev\u00f3 acabo en diferentes puntos de la ciudad, en donde se vacunaron a m\u00e1s de 25 mil personas en esta primera etapa.<\/p>\n\n\n\n<p class=\"wp-block-paragraph\">Por lo que con la vacunaci\u00f3n de los adultos mayores que se encuentran en el Centro de Readaptaci\u00f3n Social se est\u00e1 concluyendo con el esquema de vacunaci\u00f3n, por lo que una vez se que inicie con la segunda dosis se les estar\u00e1 notificando a los encargados del lugar para darles una fecha y hora en la que estar\u00e1n acudiendo.<\/p>\n","protected":false},"excerpt":{"rendered":"<p>Visitas: 3 Un total de 24 personas de la tercera edad que se encuentran en el Centro de Readaptaci\u00f3n Social (Cereso) de Poza Rica, la ma\u00f1ana de este lunes cinco de abril recibieron la primera dosis de la vacuna contra Covid-19, por parte del personal de la Jurisdicci\u00f3n Sanitaria n\u00famero tres. Durante la ma\u00f1ana de [&hellip;]<\/p>\n","protected":false},"author":4,"featured_media":171337,"comment_status":"open","ping_status":"open","sticky":false,"template":"","format":"standard","meta":{"footnotes":""},"categories":[213],"tags":[],"class_list":["post-173551","post","type-post","status-publish","format-standard","has-post-thumbnail","category-poza-rica"],"nelio_content":{"isAutoShareEnabled":true,"autoShareEndMode":"never","automationSources":{"useCustomSentences":false,"customSentences":[]},"followers":[],"suggestedReferences":[],"efiUrl":"","efiAlt":"","highlights":[],"permalinkQueryArgs":[],"series":[]},"_links":{"self":[{"href":"https:\/\/www.enteratever.com\/2023\/wp-json\/wp\/v2\/posts\/173551","targetHints":{"allow":["GET"]}}],"collection":[{"href":"https:\/\/www.enteratever.com\/2023\/wp-json\/wp\/v2\/posts"}],"about":[{"href":"https:\/\/www.enteratever.com\/2023\/wp-json\/wp\/v2\/types\/post"}],"author":[{"embeddable":true,"href":"https:\/\/www.enteratever.com\/2023\/wp-json\/wp\/v2\/users\/4"}],"replies":[{"embeddable":true,"href":"https:\/\/www.enteratever.com\/2023\/wp-json\/wp\/v2\/comments?post=173551"}],"version-history":[{"count":0,"href":"https:\/\/www.enteratever.com\/2023\/wp-json\/wp\/v2\/posts\/173551\/revisions"}],"wp:featuredmedia":[{"embeddable":true,"href":"https:\/\/www.enteratever.com\/2023\/wp-json\/wp\/v2\/media\/171337"}],"wp:attachment":[{"href":"https:\/\/www.enteratever.com\/2023\/wp-json\/wp\/v2\/media?parent=173551"}],"wp:term":[{"taxonomy":"category","embeddable":true,"href":"https:\/\/www.enteratever.com\/2023\/wp-json\/wp\/v2\/categories?post=173551"},{"taxonomy":"post_tag","embeddable":true,"href":"https:\/\/www.enteratever.com\/2023\/wp-json\/wp\/v2\/tags?post=173551"}],"curies":[{"name":"wp","href":"https:\/\/api.w.org\/{rel}","templated":true}]}}