{"id":173535,"date":"2021-04-02T16:29:13","date_gmt":"2021-04-02T16:29:13","guid":{"rendered":"https:\/\/www.enteratever.com\/2023\/director-de-pc-de-poza-rica-renuncia-a-su-cargo\/"},"modified":"2021-04-02T16:29:13","modified_gmt":"2021-04-02T16:29:13","slug":"director-de-pc-de-poza-rica-renuncia-a-su-cargo","status":"publish","type":"post","link":"https:\/\/www.enteratever.com\/2023\/2021\/04\/02\/director-de-pc-de-poza-rica-renuncia-a-su-cargo\/","title":{"rendered":"Director de PC de Poza Rica renuncia a su cargo"},"content":{"rendered":"<p>Visitas: 2<\/p>\n<p class=\"wp-block-paragraph\">\u2022 Estar\u00e1 participando en el pr\u00f3ximo proceso electoral.<\/p>\n\n\n\n<p class=\"wp-block-paragraph\">Jos\u00e9 Jes\u00fas Garc\u00eda Cruz, Director de Protecci\u00f3n Civil renunciaba su cargo, para poderse sumar por completo al pr\u00f3ximo proceso electoral, aunque a\u00fan no se sabe por qu\u00e9 puesto estar\u00e1 compitiendo el ex servidor, noticia que a\u00fan no ha querido dar a conocer, por lo que desde el pasado jueves primero de abril dej\u00f3 de prestar su servicio.<\/p>\n\n\n\n<p class=\"wp-block-paragraph\">A pesar de que su separaci\u00f3n del cargo no lo ha hecho p\u00fablico, se\u00f1al\u00f3 que ya fue notificada la persona que estar\u00e1 quedando a cargo de la direcci\u00f3n de protecci\u00f3n civil, por lo que se ser\u00e1 este lunes cuando se presente a la persona que quede al frente de la oficina de los puestos que sol\u00eda ocupar Garc\u00eda Cruz, ya que hace un par de semanas hab\u00eda tomado posesi\u00f3n como el Jefe del Cuerpo de Bomberos.<\/p>\n\n\n\n<p class=\"wp-block-paragraph\">De acuerdo a fuentes extraoficial se\u00f1alan que ser\u00e1 Arturo Segura, qui\u00e9n estar\u00e1 quedando al frente de la direcci\u00f3n, pero se espera que en los pr\u00f3ximos d\u00edas se de a conocer de manera oficial y que sean las mismas autoridades municipales qui\u00e9n lo representen, para que as\u00ed pueda continuar con los trabajos que Jos\u00e9 Jes\u00fas viene realizando.<\/p>\n\n\n\n<p class=\"wp-block-paragraph\">Cabe destacar que Garc\u00eda Cruz entr\u00f3 desde el inicio de la administraci\u00f3n, ha estado trabajando en varios proyectos que estar\u00e1n beneficiando a la poblaci\u00f3n como a las dem\u00e1s administraciones, pues se actualiz\u00f3 el atlas de riesgo que ten\u00eda varios a\u00f1os que no se hac\u00eda, entre otros.<\/p>\n\n\n\n<p class=\"wp-block-paragraph\">Es importante mencionar que no es el \u00fanico funcionario, que se ha retirado de su cargo para contender en un proceso interno partidista, otros nombres a relucir es el de Gregoria Miguel Reyes, as\u00ed como Juan Enrique Azuara Munguia, entre otros a\u00fan regidores que esperan formar parte del proceso electoral 2021.<\/p>\n","protected":false},"excerpt":{"rendered":"<p>Visitas: 2 \u2022 Estar\u00e1 participando en el pr\u00f3ximo proceso electoral. Jos\u00e9 Jes\u00fas Garc\u00eda Cruz, Director de Protecci\u00f3n Civil renunciaba su cargo, para poderse sumar por completo al pr\u00f3ximo proceso electoral, aunque a\u00fan no se sabe por qu\u00e9 puesto estar\u00e1 compitiendo el ex servidor, noticia que a\u00fan no ha querido dar a conocer, por lo que [&hellip;]<\/p>\n","protected":false},"author":4,"featured_media":173536,"comment_status":"open","ping_status":"open","sticky":false,"template":"","format":"standard","meta":{"footnotes":""},"categories":[213],"tags":[],"class_list":["post-173535","post","type-post","status-publish","format-standard","has-post-thumbnail","category-poza-rica"],"nelio_content":{"isAutoShareEnabled":true,"autoShareEndMode":"never","automationSources":{"useCustomSentences":false,"customSentences":[]},"followers":[],"suggestedReferences":[],"efiUrl":"","efiAlt":"","highlights":[],"permalinkQueryArgs":[],"series":[]},"_links":{"self":[{"href":"https:\/\/www.enteratever.com\/2023\/wp-json\/wp\/v2\/posts\/173535","targetHints":{"allow":["GET"]}}],"collection":[{"href":"https:\/\/www.enteratever.com\/2023\/wp-json\/wp\/v2\/posts"}],"about":[{"href":"https:\/\/www.enteratever.com\/2023\/wp-json\/wp\/v2\/types\/post"}],"author":[{"embeddable":true,"href":"https:\/\/www.enteratever.com\/2023\/wp-json\/wp\/v2\/users\/4"}],"replies":[{"embeddable":true,"href":"https:\/\/www.enteratever.com\/2023\/wp-json\/wp\/v2\/comments?post=173535"}],"version-history":[{"count":0,"href":"https:\/\/www.enteratever.com\/2023\/wp-json\/wp\/v2\/posts\/173535\/revisions"}],"wp:featuredmedia":[{"embeddable":true,"href":"https:\/\/www.enteratever.com\/2023\/wp-json\/wp\/v2\/media\/173536"}],"wp:attachment":[{"href":"https:\/\/www.enteratever.com\/2023\/wp-json\/wp\/v2\/media?parent=173535"}],"wp:term":[{"taxonomy":"category","embeddable":true,"href":"https:\/\/www.enteratever.com\/2023\/wp-json\/wp\/v2\/categories?post=173535"},{"taxonomy":"post_tag","embeddable":true,"href":"https:\/\/www.enteratever.com\/2023\/wp-json\/wp\/v2\/tags?post=173535"}],"curies":[{"name":"wp","href":"https:\/\/api.w.org\/{rel}","templated":true}]}}