{"id":173527,"date":"2021-04-01T16:34:03","date_gmt":"2021-04-01T16:34:03","guid":{"rendered":"https:\/\/www.enteratever.com\/2023\/fuerza-por-mexico-realiza-ciclo-de-conferencias-sobre-autismo\/"},"modified":"2021-04-01T16:34:03","modified_gmt":"2021-04-01T16:34:03","slug":"fuerza-por-mexico-realiza-ciclo-de-conferencias-sobre-autismo","status":"publish","type":"post","link":"https:\/\/www.enteratever.com\/2023\/2021\/04\/01\/fuerza-por-mexico-realiza-ciclo-de-conferencias-sobre-autismo\/","title":{"rendered":"Fuerza por M\u00e9xico realiza ciclo de conferencias sobre autismo"},"content":{"rendered":"<p>Visitas: 0<\/p>\n<p class=\"wp-block-paragraph\">Poza Rica, Veracruz.- El autismo es un trastorno neuropsiqui\u00e1trico, que generalmente se manifiesta durante los tres primeros a\u00f1os de vida, y se caracteriza por: Aislamiento social. Dificultades para comunicarse, de acuerdo con Organizaci\u00f3n Mundial de la Salud (OMS) ha establecido en sus cifras que en M\u00e9xico uno de cada 115 ni\u00f1os padece autismo.<\/p>\n\n\n\n<p class=\"wp-block-paragraph\">Aunque en el estado no existe una estad\u00edstica como tal se considera que por ser el tercer estado m\u00e1s grande de la Rep\u00fablica hay entre 18 mil y 20 mil casos, por lo que el partido Fuerza por M\u00e9xico realiz\u00f3 un ciclo de conferencias con padres y madres de familia de ni\u00f1os que padecen autismo, pues lo que se busca es apoyar a los familiares y que la ciudadan\u00eda pueda comprender en que consiste y como apoyar a las personas con este trastorno.<\/p>\n\n\n\n<p class=\"wp-block-paragraph\">De acuerdo con Ricardo Hern\u00e1ndez Mart\u00ednez, Presidente del Comit\u00e9 Directivo Municipal del Partido Fuerza por M\u00e9xico se\u00f1al\u00f3 que es necesario que la ciudadan\u00eda entienda lo que es tener a un familiar que cuente con este padecimiento, pues muchas veces se desconoce del tema y no saben c\u00f3mo tratar o a d\u00f3nde acudir para recibir la informaci\u00f3n correcta, por lo que preocupados por est\u00e1 situaci\u00f3n decidieron implementar estas pl\u00e1ticas.<\/p>\n\n\n\n<figure class=\"wp-block-image size-full\"><img decoding=\"async\" src=\"https:\/\/www.enteratever.com\/2020\/wp-content\/uploads\/2021\/04\/WhatsApp-Image-2021-04-01-at-09.15.29.jpeg\" alt=\"\" class=\"wp-image-41405\"\/><\/figure>\n\n\n\n<p class=\"wp-block-paragraph\">La encargada de dar la pl\u00e1tica fue Fabiola Presa, representante de la red de padres de hijos con autismo en Poza Rica, qui\u00e9n en su mensaje dijo que en la ciudad muchos ni\u00f1os reciben un tratamiento que no es el correcto ya que muchos doctores no dan un diagn\u00f3stico como tal, por lo que es necesario acudir a instancias que en verdad sepan del tema.<\/p>\n\n\n\n<p class=\"wp-block-paragraph\">A trav\u00e9s de las redes sociales del partido se lograron conectar con varios padres de familia que tambi\u00e9n estuvieron dando su testimonio de como ha sido vivir con un hijo con este padecimiento, a lo que se enfrentan, pues muchas veces son discriminados por los mismo ni\u00f1os de su edad ya que no se comportan a peque\u00f1os de su misma edad.<\/p>\n","protected":false},"excerpt":{"rendered":"<p>Visitas: 0 Poza Rica, Veracruz.- El autismo es un trastorno neuropsiqui\u00e1trico, que generalmente se manifiesta durante los tres primeros a\u00f1os de vida, y se caracteriza por: Aislamiento social. Dificultades para comunicarse, de acuerdo con Organizaci\u00f3n Mundial de la Salud (OMS) ha establecido en sus cifras que en M\u00e9xico uno de cada 115 ni\u00f1os padece autismo. [&hellip;]<\/p>\n","protected":false},"author":4,"featured_media":173528,"comment_status":"open","ping_status":"open","sticky":false,"template":"","format":"standard","meta":{"footnotes":""},"categories":[213],"tags":[],"class_list":["post-173527","post","type-post","status-publish","format-standard","has-post-thumbnail","category-poza-rica"],"nelio_content":{"isAutoShareEnabled":true,"autoShareEndMode":"never","automationSources":{"useCustomSentences":false,"customSentences":[]},"followers":[],"suggestedReferences":[],"efiUrl":"","efiAlt":"","highlights":[],"permalinkQueryArgs":[],"series":[]},"_links":{"self":[{"href":"https:\/\/www.enteratever.com\/2023\/wp-json\/wp\/v2\/posts\/173527","targetHints":{"allow":["GET"]}}],"collection":[{"href":"https:\/\/www.enteratever.com\/2023\/wp-json\/wp\/v2\/posts"}],"about":[{"href":"https:\/\/www.enteratever.com\/2023\/wp-json\/wp\/v2\/types\/post"}],"author":[{"embeddable":true,"href":"https:\/\/www.enteratever.com\/2023\/wp-json\/wp\/v2\/users\/4"}],"replies":[{"embeddable":true,"href":"https:\/\/www.enteratever.com\/2023\/wp-json\/wp\/v2\/comments?post=173527"}],"version-history":[{"count":0,"href":"https:\/\/www.enteratever.com\/2023\/wp-json\/wp\/v2\/posts\/173527\/revisions"}],"wp:featuredmedia":[{"embeddable":true,"href":"https:\/\/www.enteratever.com\/2023\/wp-json\/wp\/v2\/media\/173528"}],"wp:attachment":[{"href":"https:\/\/www.enteratever.com\/2023\/wp-json\/wp\/v2\/media?parent=173527"}],"wp:term":[{"taxonomy":"category","embeddable":true,"href":"https:\/\/www.enteratever.com\/2023\/wp-json\/wp\/v2\/categories?post=173527"},{"taxonomy":"post_tag","embeddable":true,"href":"https:\/\/www.enteratever.com\/2023\/wp-json\/wp\/v2\/tags?post=173527"}],"curies":[{"name":"wp","href":"https:\/\/api.w.org\/{rel}","templated":true}]}}