{"id":173521,"date":"2021-03-31T15:29:27","date_gmt":"2021-03-31T15:29:27","guid":{"rendered":"https:\/\/www.enteratever.com\/2023\/sino-es-la-alcaldia-me-regreso-a-mis-empresas-fernando-remes\/"},"modified":"2021-03-31T15:29:27","modified_gmt":"2021-03-31T15:29:27","slug":"sino-es-la-alcaldia-me-regreso-a-mis-empresas-fernando-remes","status":"publish","type":"post","link":"https:\/\/www.enteratever.com\/2023\/2021\/03\/31\/sino-es-la-alcaldia-me-regreso-a-mis-empresas-fernando-remes\/","title":{"rendered":"Sino es la alcald\u00eda me regreso a mis empresas: Fernando Remes"},"content":{"rendered":"<p>Visitas: 0<\/p>\n<p class=\"wp-block-paragraph\"><em>\u2022 Considera que su competencia es Cecilia Guevara de El\u00edas.<\/em><\/p>\n\n\n\n<p class=\"wp-block-paragraph\">Luis Fernando Remes Garza, desminti\u00f3 que el sea el candidato a la diputaci\u00f3n federal por el V distrito, pues asegur\u00f3 que si no es el candidato a la alcald\u00eda de Poza Rica el se regresar\u00e1 a sus empresas, ya que \u00e9l no tiene otra visi\u00f3n m\u00e1s que ser el pr\u00f3ximo alcalde del municipio petrolero, por lo que asegur\u00f3 que la lista en donde se da a conocer que es el candidato a la diputaci\u00f3n es falso.<\/p>\n\n\n\n<p class=\"wp-block-paragraph\">En rueda de prensa se\u00f1al\u00f3 que la \u00fanica persona que considera como competencia es la aspirante a la alcald\u00eda de Poza Rica por el Partido del Trabajo (PT), Cecilia Guevara, que es una persona preparada y que al igual que \u00e9l es empresaria, por lo que excluy\u00f3 que la actual diputada federal Raquel Bonilla ya que no cuenta con la preparaci\u00f3n para tomar las riendas del municipio.<\/p>\n\n\n\n<p class=\"wp-block-paragraph\">Asimismo dijo que ha recorrido la mayor\u00eda de las colonias y que cuenta con el apoyo de la ciudadan\u00eda, por lo que esta seguro que en las pr\u00f3ximas encuestas que se estar\u00e1n realizando a partir de ma\u00f1ana en el municipio para elegir qui\u00e9n ser\u00e1 el pr\u00f3ximo candidato estas ser\u00e1n a su favor, pues conoce las necesidades de las personas y es en lo que estar\u00e1 trabajando.<\/p>\n\n\n\n<p class=\"wp-block-paragraph\">Es el primero que no piensa hacer campa\u00f1a con el tema del petr\u00f3leo, pero busca crear maquiladoras en donde asegur\u00f3 que no habr\u00e1 necesidad que los ciudadanos tengan que emigrar a otras partes de la Rep\u00fablica, por lo que de ser presidente estar\u00e1 trabajando por el bien de los pozarricenses, pues tendr\u00e1 el apoyo de autoridades federales como es el caso del Presidente de la Rep\u00fablica<\/p>\n\n\n\n<p class=\"wp-block-paragraph\">En el evento estuvieron presentes los delegados del partido quienes apoyan y conf\u00edan en el proyecto de Fernando Remes, por lo que est\u00e1n seguros que las encuentras estar\u00e1n favoreciendo al aspirante a la presidencia municipal, pues es una persona con una trayectoria dentro de la pol\u00edtica.<\/p>\n\n\n\n<figure class=\"wp-block-gallery columns-2 is-cropped wp-block-gallery-1 is-layout-flex wp-block-gallery-is-layout-flex\"><ul class=\"blocks-gallery-grid\"><li class=\"blocks-gallery-item\"><figure><img decoding=\"async\" src=\"https:\/\/www.enteratever.com\/2020\/wp-content\/uploads\/2021\/03\/WhatsApp-Image-2021-03-31-at-07.23.15.jpeg\" alt=\"\" data-id=\"41287\" data-full-url=\"https:\/\/www.enteratever.com\/2020\/wp-content\/uploads\/2021\/03\/WhatsApp-Image-2021-03-31-at-07.23.15.jpeg\" data-link=\"https:\/\/www.enteratever.com\/?attachment_id=41287\" class=\"wp-image-41287\"\/><\/figure><\/li><li class=\"blocks-gallery-item\"><figure><img decoding=\"async\" src=\"https:\/\/www.enteratever.com\/2020\/wp-content\/uploads\/2021\/03\/WhatsApp-Image-2021-03-31-at-07.23.16.jpeg\" alt=\"\" data-id=\"41288\" data-full-url=\"https:\/\/www.enteratever.com\/2020\/wp-content\/uploads\/2021\/03\/WhatsApp-Image-2021-03-31-at-07.23.16.jpeg\" data-link=\"https:\/\/www.enteratever.com\/?attachment_id=41288\" class=\"wp-image-41288\"\/><\/figure><\/li><\/ul><\/figure>\n","protected":false},"excerpt":{"rendered":"<p>Visitas: 0 \u2022 Considera que su competencia es Cecilia Guevara de El\u00edas. Luis Fernando Remes Garza, desminti\u00f3 que el sea el candidato a la diputaci\u00f3n federal por el V distrito, pues asegur\u00f3 que si no es el candidato a la alcald\u00eda de Poza Rica el se regresar\u00e1 a sus empresas, ya que \u00e9l no tiene [&hellip;]<\/p>\n","protected":false},"author":4,"featured_media":173522,"comment_status":"open","ping_status":"open","sticky":false,"template":"","format":"standard","meta":{"footnotes":""},"categories":[213],"tags":[],"class_list":["post-173521","post","type-post","status-publish","format-standard","has-post-thumbnail","category-poza-rica"],"nelio_content":{"isAutoShareEnabled":true,"autoShareEndMode":"never","automationSources":{"useCustomSentences":false,"customSentences":[]},"followers":[],"suggestedReferences":[],"efiUrl":"","efiAlt":"","highlights":[],"permalinkQueryArgs":[],"series":[]},"_links":{"self":[{"href":"https:\/\/www.enteratever.com\/2023\/wp-json\/wp\/v2\/posts\/173521","targetHints":{"allow":["GET"]}}],"collection":[{"href":"https:\/\/www.enteratever.com\/2023\/wp-json\/wp\/v2\/posts"}],"about":[{"href":"https:\/\/www.enteratever.com\/2023\/wp-json\/wp\/v2\/types\/post"}],"author":[{"embeddable":true,"href":"https:\/\/www.enteratever.com\/2023\/wp-json\/wp\/v2\/users\/4"}],"replies":[{"embeddable":true,"href":"https:\/\/www.enteratever.com\/2023\/wp-json\/wp\/v2\/comments?post=173521"}],"version-history":[{"count":0,"href":"https:\/\/www.enteratever.com\/2023\/wp-json\/wp\/v2\/posts\/173521\/revisions"}],"wp:featuredmedia":[{"embeddable":true,"href":"https:\/\/www.enteratever.com\/2023\/wp-json\/wp\/v2\/media\/173522"}],"wp:attachment":[{"href":"https:\/\/www.enteratever.com\/2023\/wp-json\/wp\/v2\/media?parent=173521"}],"wp:term":[{"taxonomy":"category","embeddable":true,"href":"https:\/\/www.enteratever.com\/2023\/wp-json\/wp\/v2\/categories?post=173521"},{"taxonomy":"post_tag","embeddable":true,"href":"https:\/\/www.enteratever.com\/2023\/wp-json\/wp\/v2\/tags?post=173521"}],"curies":[{"name":"wp","href":"https:\/\/api.w.org\/{rel}","templated":true}]}}