{"id":173519,"date":"2021-03-31T00:56:48","date_gmt":"2021-03-31T00:56:48","guid":{"rendered":"https:\/\/www.enteratever.com\/2023\/francisco-garrido-oficializa-la-candidatura-de-jose-kirsch\/"},"modified":"2021-03-31T00:56:48","modified_gmt":"2021-03-31T00:56:48","slug":"francisco-garrido-oficializa-la-candidatura-de-jose-kirsch","status":"publish","type":"post","link":"https:\/\/www.enteratever.com\/2023\/2021\/03\/31\/francisco-garrido-oficializa-la-candidatura-de-jose-kirsch\/","title":{"rendered":"Francisco Garrido oficializa la candidatura de Jos\u00e9 Kirsch"},"content":{"rendered":"<p>Visitas: 0<\/p>\n<p class=\"wp-block-paragraph\">Durante la ma\u00f1a de este martes 30 de marzo Francisco Garrido S\u00e1nchez, dirigente estatal del partido pol\u00edtico Podemos, oficializ\u00f3 la candidatura de Jos\u00e9 Kirsch S\u00e1nchez por la presidencia municipal de Poza Rica, en donde en compa\u00f1\u00eda de militantes y simp\u00e1tica antes del partido estuvieron presentes para poder presenciar este momento importante para el \u00f3rgano pol\u00edtico.<\/p>\n\n\n\n<p class=\"wp-block-paragraph\">Garrido S\u00e1nchez en su mensaje dijo que la llegada de Jos\u00e9 Kirsch S\u00e1nchez consolida esta plataforma pol\u00edtica ya que es un ciudadano que tiene todas las condiciones para servir a los habitantes de la ciudad, destac\u00f3 que cuenta con la preparaci\u00f3n para poder gobernar el municipio.<\/p>\n\n\n\n<p class=\"wp-block-paragraph\">Se\u00f1alaron que a pesar de que es un partido de nueva creaci\u00f3n, han buscado reunir la juventud con el conocimiento, por lo que consideran que cuentan con todo para ganar el siguiente proceso electoral, pues la dedicaci\u00f3n del dirigente del Comit\u00e9 Directivo Municipal (CDM) de Podemos, Jos\u00e9 de Jes\u00fas Guevara Rivera junto con la aspirante a la candidatura a la diputaci\u00f3n local del V distrito, Betzab\u00e9 Clemente Santa Rosa lograr\u00e1n grandes cosas.<\/p>\n\n\n\n<p class=\"wp-block-paragraph\">Manifest\u00f3 que la mismas estrategias est\u00e1n utilizando en los municipios de Coatzintla y Papantla, en donde lograr\u00e1n convencer al electorado y obtener un triunfo en las pr\u00f3ximas elecciones del 6 de junio, pues es un instituto pol\u00edtico que impulsar y da la oportunidad de participar a los j\u00f3venes que tambi\u00e9n cuentan con preparaci\u00f3n, capacidad y disposici\u00f3n de servir a la ciudadan\u00eda.<\/p>\n\n\n\n<p class=\"wp-block-paragraph\">Cabe destacar que el evento se realiz\u00f3 acatando las disposiciones sanitarias dictaminadas por la Secretar\u00eda de Salud (SS) para prevenir m\u00e1s contagios del virus Covid-19 entre los asistentes, militantes activos del partido pol\u00edtico Podemos.<\/p>\n\n\n\n<figure class=\"wp-block-gallery columns-0 wp-block-gallery-1 is-layout-flex wp-block-gallery-is-layout-flex\"><ul class=\"blocks-gallery-grid\"><li class=\"blocks-gallery-item\"><figure><img decoding=\"async\" src=\"https:\/\/www.enteratever.com\/2020\/wp-content\/uploads\/2021\/03\/WhatsApp-Image-2021-03-30-at-16.37.05.jpeg\" alt=\"\" data-id=\"41276\" data-full-url=\"https:\/\/www.enteratever.com\/2020\/wp-content\/uploads\/2021\/03\/WhatsApp-Image-2021-03-30-at-16.37.05.jpeg\" data-link=\"https:\/\/www.enteratever.com\/?attachment_id=41276\" class=\"wp-image-41276\"\/><\/figure><\/li><li class=\"blocks-gallery-item\"><figure><img decoding=\"async\" src=\"https:\/\/www.enteratever.com\/2020\/wp-content\/uploads\/2021\/03\/WhatsApp-Image-2021-03-30-at-16.37.06.jpeg\" alt=\"\" data-id=\"41277\" data-full-url=\"https:\/\/www.enteratever.com\/2020\/wp-content\/uploads\/2021\/03\/WhatsApp-Image-2021-03-30-at-16.37.06.jpeg\" data-link=\"https:\/\/www.enteratever.com\/?attachment_id=41277\" class=\"wp-image-41277\"\/><\/figure><\/li><li class=\"blocks-gallery-item\"><figure><img decoding=\"async\" src=\"https:\/\/www.enteratever.com\/2020\/wp-content\/uploads\/2021\/03\/WhatsApp-Image-2021-03-30-at-16.37.07.jpeg\" alt=\"\" data-id=\"41278\" data-full-url=\"https:\/\/www.enteratever.com\/2020\/wp-content\/uploads\/2021\/03\/WhatsApp-Image-2021-03-30-at-16.37.07.jpeg\" data-link=\"https:\/\/www.enteratever.com\/?attachment_id=41278\" class=\"wp-image-41278\"\/><\/figure><\/li><li class=\"blocks-gallery-item\"><figure><img decoding=\"async\" src=\"https:\/\/www.enteratever.com\/2020\/wp-content\/uploads\/2021\/03\/WhatsApp-Image-2021-03-30-at-16.37.41.jpeg\" alt=\"\" data-id=\"41279\" data-full-url=\"https:\/\/www.enteratever.com\/2020\/wp-content\/uploads\/2021\/03\/WhatsApp-Image-2021-03-30-at-16.37.41.jpeg\" data-link=\"https:\/\/www.enteratever.com\/?attachment_id=41279\" class=\"wp-image-41279\"\/><\/figure><\/li><li class=\"blocks-gallery-item\"><figure><img decoding=\"async\" src=\"https:\/\/www.enteratever.com\/2020\/wp-content\/uploads\/2021\/03\/WhatsApp-Image-2021-03-30-at-16.37.42.jpeg\" alt=\"\" data-id=\"41280\" data-full-url=\"https:\/\/www.enteratever.com\/2020\/wp-content\/uploads\/2021\/03\/WhatsApp-Image-2021-03-30-at-16.37.42.jpeg\" data-link=\"https:\/\/www.enteratever.com\/?attachment_id=41280\" class=\"wp-image-41280\"\/><\/figure><\/li><\/ul><\/figure>\n","protected":false},"excerpt":{"rendered":"<p>Visitas: 0 Durante la ma\u00f1a de este martes 30 de marzo Francisco Garrido S\u00e1nchez, dirigente estatal del partido pol\u00edtico Podemos, oficializ\u00f3 la candidatura de Jos\u00e9 Kirsch S\u00e1nchez por la presidencia municipal de Poza Rica, en donde en compa\u00f1\u00eda de militantes y simp\u00e1tica antes del partido estuvieron presentes para poder presenciar este momento importante para el [&hellip;]<\/p>\n","protected":false},"author":4,"featured_media":173520,"comment_status":"open","ping_status":"open","sticky":false,"template":"","format":"standard","meta":{"footnotes":""},"categories":[213],"tags":[],"class_list":["post-173519","post","type-post","status-publish","format-standard","has-post-thumbnail","category-poza-rica"],"nelio_content":{"isAutoShareEnabled":true,"autoShareEndMode":"never","automationSources":{"useCustomSentences":false,"customSentences":[]},"followers":[],"suggestedReferences":[],"efiUrl":"","efiAlt":"","highlights":[],"permalinkQueryArgs":[],"series":[]},"_links":{"self":[{"href":"https:\/\/www.enteratever.com\/2023\/wp-json\/wp\/v2\/posts\/173519","targetHints":{"allow":["GET"]}}],"collection":[{"href":"https:\/\/www.enteratever.com\/2023\/wp-json\/wp\/v2\/posts"}],"about":[{"href":"https:\/\/www.enteratever.com\/2023\/wp-json\/wp\/v2\/types\/post"}],"author":[{"embeddable":true,"href":"https:\/\/www.enteratever.com\/2023\/wp-json\/wp\/v2\/users\/4"}],"replies":[{"embeddable":true,"href":"https:\/\/www.enteratever.com\/2023\/wp-json\/wp\/v2\/comments?post=173519"}],"version-history":[{"count":0,"href":"https:\/\/www.enteratever.com\/2023\/wp-json\/wp\/v2\/posts\/173519\/revisions"}],"wp:featuredmedia":[{"embeddable":true,"href":"https:\/\/www.enteratever.com\/2023\/wp-json\/wp\/v2\/media\/173520"}],"wp:attachment":[{"href":"https:\/\/www.enteratever.com\/2023\/wp-json\/wp\/v2\/media?parent=173519"}],"wp:term":[{"taxonomy":"category","embeddable":true,"href":"https:\/\/www.enteratever.com\/2023\/wp-json\/wp\/v2\/categories?post=173519"},{"taxonomy":"post_tag","embeddable":true,"href":"https:\/\/www.enteratever.com\/2023\/wp-json\/wp\/v2\/tags?post=173519"}],"curies":[{"name":"wp","href":"https:\/\/api.w.org\/{rel}","templated":true}]}}