{"id":173516,"date":"2021-03-30T21:07:58","date_gmt":"2021-03-30T21:07:58","guid":{"rendered":"https:\/\/www.enteratever.com\/2023\/gobierno-de-poza-rica-le-dice-adios-a-los-filtros-sanitarios\/"},"modified":"2021-03-30T21:07:58","modified_gmt":"2021-03-30T21:07:58","slug":"gobierno-de-poza-rica-le-dice-adios-a-los-filtros-sanitarios","status":"publish","type":"post","link":"https:\/\/www.enteratever.com\/2023\/2021\/03\/30\/gobierno-de-poza-rica-le-dice-adios-a-los-filtros-sanitarios\/","title":{"rendered":"Gobierno de Poza Rica le dice adi\u00f3s a los filtros sanitarios"},"content":{"rendered":"<p>Visitas: 4<\/p>\n<p class=\"wp-block-paragraph\">A pesar de que las autoridades estatales han solicitado el no bajar la guardia pese a que ya se inici\u00f3 el proceso de vacunaci\u00f3n situaci\u00f3n que las autoridades municipales retiraron todos los filtros sanitarios del palacio municipal y del primer cuadro de la ciudad.<\/p>\n\n\n\n<p class=\"wp-block-paragraph\">Estos fueron colocados en su momento esto debido a la gran cantidad de casos de covid-19 que se estaba registrando en el municipio, por lo que sabiendo que se aproxima una tercera ola de contagios a los ediles no les import\u00f3 y quitaron todo tipo de filtro que pudiera evitar los contagios.<\/p>\n\n\n\n<p class=\"wp-block-paragraph\">Durante la ma\u00f1ana de este martes 30 de marzo desde temprana hora los trabajadores del ayuntamiento comenzaron con los trabajos para retirar las vallas que pon\u00edan un poco de orden al momento de ingresar al a realizar cualquier tr\u00e1mite al palacio municipal y las cabinas sanitizantes que se encontraban en estos puntos para desinfectar a las personas.<\/p>\n\n\n\n<p class=\"wp-block-paragraph\">Es importante mencionar que fue el mismo Roberto Ramos Alor, Titular de la Secretar\u00eda de Salud en su visita a la ciudad la semana pasada dijo que es el hecho de que se haya aplicado la vacuna no hay por qu\u00e9 bajar la guardia, al contrario era cuando m\u00e1s se ten\u00eda que cuidar pues se aproximaba un periodo vacacional.<\/p>\n\n\n\n<p class=\"wp-block-paragraph\">Hasta el momento no hay una informaci\u00f3n oficial por el cual fueron retirados los filtros sanitarios del palacio municipal, en el primer cuadro de la ciudad es debido a la jornada de vacunaci\u00f3n que se llev\u00f3 la semana pasada, pues aseguraban que esto era para habitar los accesos a los puntos de vacunaci\u00f3n.<\/p>\n\n\n\n<figure class=\"wp-block-gallery columns-1 wp-block-gallery-1 is-layout-flex wp-block-gallery-is-layout-flex\"><ul class=\"blocks-gallery-grid\"><li class=\"blocks-gallery-item\"><figure><img decoding=\"async\" src=\"https:\/\/www.enteratever.com\/2020\/wp-content\/uploads\/2021\/03\/WhatsApp-Image-2021-03-30-at-13.57.46.jpeg\" alt=\"\" data-id=\"41240\" data-full-url=\"https:\/\/www.enteratever.com\/2020\/wp-content\/uploads\/2021\/03\/WhatsApp-Image-2021-03-30-at-13.57.46.jpeg\" data-link=\"https:\/\/www.enteratever.com\/?attachment_id=41240\" class=\"wp-image-41240\"\/><\/figure><\/li><li class=\"blocks-gallery-item\"><figure><img decoding=\"async\" src=\"https:\/\/www.enteratever.com\/2020\/wp-content\/uploads\/2021\/03\/WhatsApp-Image-2021-03-30-at-13.57.47.jpeg\" alt=\"\" data-id=\"41241\" data-full-url=\"https:\/\/www.enteratever.com\/2020\/wp-content\/uploads\/2021\/03\/WhatsApp-Image-2021-03-30-at-13.57.47.jpeg\" data-link=\"https:\/\/www.enteratever.com\/?attachment_id=41241\" class=\"wp-image-41241\"\/><\/figure><\/li><\/ul><\/figure>\n","protected":false},"excerpt":{"rendered":"<p>Visitas: 4 A pesar de que las autoridades estatales han solicitado el no bajar la guardia pese a que ya se inici\u00f3 el proceso de vacunaci\u00f3n situaci\u00f3n que las autoridades municipales retiraron todos los filtros sanitarios del palacio municipal y del primer cuadro de la ciudad. Estos fueron colocados en su momento esto debido a [&hellip;]<\/p>\n","protected":false},"author":4,"featured_media":173517,"comment_status":"open","ping_status":"open","sticky":false,"template":"","format":"standard","meta":{"footnotes":""},"categories":[213],"tags":[],"class_list":["post-173516","post","type-post","status-publish","format-standard","has-post-thumbnail","category-poza-rica"],"nelio_content":{"isAutoShareEnabled":true,"autoShareEndMode":"never","automationSources":{"useCustomSentences":false,"customSentences":[]},"followers":[],"suggestedReferences":[],"efiUrl":"","efiAlt":"","highlights":[],"permalinkQueryArgs":[],"series":[]},"_links":{"self":[{"href":"https:\/\/www.enteratever.com\/2023\/wp-json\/wp\/v2\/posts\/173516","targetHints":{"allow":["GET"]}}],"collection":[{"href":"https:\/\/www.enteratever.com\/2023\/wp-json\/wp\/v2\/posts"}],"about":[{"href":"https:\/\/www.enteratever.com\/2023\/wp-json\/wp\/v2\/types\/post"}],"author":[{"embeddable":true,"href":"https:\/\/www.enteratever.com\/2023\/wp-json\/wp\/v2\/users\/4"}],"replies":[{"embeddable":true,"href":"https:\/\/www.enteratever.com\/2023\/wp-json\/wp\/v2\/comments?post=173516"}],"version-history":[{"count":0,"href":"https:\/\/www.enteratever.com\/2023\/wp-json\/wp\/v2\/posts\/173516\/revisions"}],"wp:featuredmedia":[{"embeddable":true,"href":"https:\/\/www.enteratever.com\/2023\/wp-json\/wp\/v2\/media\/173517"}],"wp:attachment":[{"href":"https:\/\/www.enteratever.com\/2023\/wp-json\/wp\/v2\/media?parent=173516"}],"wp:term":[{"taxonomy":"category","embeddable":true,"href":"https:\/\/www.enteratever.com\/2023\/wp-json\/wp\/v2\/categories?post=173516"},{"taxonomy":"post_tag","embeddable":true,"href":"https:\/\/www.enteratever.com\/2023\/wp-json\/wp\/v2\/tags?post=173516"}],"curies":[{"name":"wp","href":"https:\/\/api.w.org\/{rel}","templated":true}]}}