{"id":173512,"date":"2021-03-30T00:00:42","date_gmt":"2021-03-30T00:00:42","guid":{"rendered":"https:\/\/www.enteratever.com\/2023\/sin-candidato-la-alianza-va-por-veracruz-omar-rivera\/"},"modified":"2021-03-30T00:00:42","modified_gmt":"2021-03-30T00:00:42","slug":"sin-candidato-la-alianza-va-por-veracruz-omar-rivera","status":"publish","type":"post","link":"https:\/\/www.enteratever.com\/2023\/2021\/03\/30\/sin-candidato-la-alianza-va-por-veracruz-omar-rivera\/","title":{"rendered":"Sin candidato la alianza va por Veracruz: Omar Rivera"},"content":{"rendered":"<p>Visitas: 4<\/p>\n<p class=\"wp-block-paragraph\"><em>\u2022 Los partido pondr\u00e1n a sus candidatos para que a trav\u00e9s de una encuentra se elija a quien estar\u00e1 representando la coalici\u00f3n.<\/em><\/p>\n\n\n\n<p class=\"wp-block-paragraph\">Luego de haberse dado a conocer que Eduardo Vel\u00e1zquez Ayala ser\u00eda el candidato del Partido de la Revoluci\u00f3n Democr\u00e1tica (PRD) el Comit\u00e9 Directivo Municipal del Partido Acci\u00f3n Nacional (PAN) dio a conocer que ellos apenas est\u00e1n por presentar a su candidato que estar\u00e1 compitiendo contra Vel\u00e1zquez Ayala, para as\u00ed poder elegir a qui\u00e9n estar\u00e1 representando la alianza \u201cVeracruz Va\u201d.<\/p>\n\n\n\n<p class=\"wp-block-paragraph\">A trav\u00e9s de un comunicado el PAN dio a conocer que el pasado siete de febrero se dio a conocer que en cumplimiento a un acuerdo por parte de las diligencias nacionales de la alianza \u201cVeracruz Va\u201d el m\u00e9todo para designar o elegir al candidato en el municipio ser\u00eda mediante una encuesta entre los precandidatos del PAN, PRD y PRI.<\/p>\n\n\n\n<figure class=\"wp-block-image size-full\"><img decoding=\"async\" src=\"https:\/\/www.enteratever.com\/2020\/wp-content\/uploads\/2021\/03\/WhatsApp-Image-2021-03-29-at-17.44.20.jpeg\" alt=\"\" class=\"wp-image-41187\"\/><\/figure>\n\n\n\n<p class=\"wp-block-paragraph\">Se\u00f1alan que en apego al acuerdo nacional y reiterando el compromiso con la legalidad, transparencia y la no polarizaci\u00f3n de la opini\u00f3n p\u00fablica, reiteraron que hasta el momento no cuentan con un candidato registrado de manera oficial por la alianza en el municipio petrolero.<\/p>\n\n\n\n<p class=\"wp-block-paragraph\">Aseguraron que se encuentran a la espera del comunicado oficial de su instituto pol\u00edtico y se estar\u00e1n apegando al resultado de la encuesta que el Comit\u00e9 Ejecutivo Nacional realiz\u00f3, cabe destacar que la noticia de que la coalici\u00f3n ya ten\u00eda a un representante de dio a conocer el d\u00eda de 29 de marzo.<\/p>\n\n\n\n<p class=\"wp-block-paragraph\">Es importante mencionar que fue el mismo Eduardo Vel\u00e1zquez Ayala qui\u00e9n a trav\u00e9s de sus redes sociales dio a conocer que los integrantes del Consejo Estatal del Partido de la Revoluci\u00f3n Democr\u00e1tica, y en especial a toda la militancia, ya que el pasado domingo 28 marzo se hizo oficial mi designaci\u00f3n como candidato a la presidencia municipal de Poza Rica, por la alianza \u201cVeracruz va\u201d.<\/p>\n","protected":false},"excerpt":{"rendered":"<p>Visitas: 4 \u2022 Los partido pondr\u00e1n a sus candidatos para que a trav\u00e9s de una encuentra se elija a quien estar\u00e1 representando la coalici\u00f3n. Luego de haberse dado a conocer que Eduardo Vel\u00e1zquez Ayala ser\u00eda el candidato del Partido de la Revoluci\u00f3n Democr\u00e1tica (PRD) el Comit\u00e9 Directivo Municipal del Partido Acci\u00f3n Nacional (PAN) dio a [&hellip;]<\/p>\n","protected":false},"author":4,"featured_media":173513,"comment_status":"open","ping_status":"open","sticky":false,"template":"","format":"standard","meta":{"footnotes":""},"categories":[213],"tags":[],"class_list":["post-173512","post","type-post","status-publish","format-standard","has-post-thumbnail","category-poza-rica"],"nelio_content":{"isAutoShareEnabled":true,"autoShareEndMode":"never","automationSources":{"useCustomSentences":false,"customSentences":[]},"followers":[],"suggestedReferences":[],"efiUrl":"","efiAlt":"","highlights":[],"permalinkQueryArgs":[],"series":[]},"_links":{"self":[{"href":"https:\/\/www.enteratever.com\/2023\/wp-json\/wp\/v2\/posts\/173512","targetHints":{"allow":["GET"]}}],"collection":[{"href":"https:\/\/www.enteratever.com\/2023\/wp-json\/wp\/v2\/posts"}],"about":[{"href":"https:\/\/www.enteratever.com\/2023\/wp-json\/wp\/v2\/types\/post"}],"author":[{"embeddable":true,"href":"https:\/\/www.enteratever.com\/2023\/wp-json\/wp\/v2\/users\/4"}],"replies":[{"embeddable":true,"href":"https:\/\/www.enteratever.com\/2023\/wp-json\/wp\/v2\/comments?post=173512"}],"version-history":[{"count":0,"href":"https:\/\/www.enteratever.com\/2023\/wp-json\/wp\/v2\/posts\/173512\/revisions"}],"wp:featuredmedia":[{"embeddable":true,"href":"https:\/\/www.enteratever.com\/2023\/wp-json\/wp\/v2\/media\/173513"}],"wp:attachment":[{"href":"https:\/\/www.enteratever.com\/2023\/wp-json\/wp\/v2\/media?parent=173512"}],"wp:term":[{"taxonomy":"category","embeddable":true,"href":"https:\/\/www.enteratever.com\/2023\/wp-json\/wp\/v2\/categories?post=173512"},{"taxonomy":"post_tag","embeddable":true,"href":"https:\/\/www.enteratever.com\/2023\/wp-json\/wp\/v2\/tags?post=173512"}],"curies":[{"name":"wp","href":"https:\/\/api.w.org\/{rel}","templated":true}]}}