{"id":173510,"date":"2021-03-29T23:49:45","date_gmt":"2021-03-29T23:49:45","guid":{"rendered":"https:\/\/www.enteratever.com\/2023\/comienza-el-pago-de-pensiones-a-adultos-mayores-y-personas-con-discapacidad-en-poza-rica\/"},"modified":"2021-03-29T23:49:45","modified_gmt":"2021-03-29T23:49:45","slug":"comienza-el-pago-de-pensiones-a-adultos-mayores-y-personas-con-discapacidad-en-poza-rica","status":"publish","type":"post","link":"https:\/\/www.enteratever.com\/2023\/2021\/03\/29\/comienza-el-pago-de-pensiones-a-adultos-mayores-y-personas-con-discapacidad-en-poza-rica\/","title":{"rendered":"Comienza el pago de pensiones a adultos mayores y personas con discapacidad en Poza Rica"},"content":{"rendered":"<p>Visitas: 3<\/p>\n<p class=\"wp-block-paragraph\">\u2022 Reciben un bimestre por adelantado debido a la veda electoral.<\/p>\n\n\n\n<p class=\"wp-block-paragraph\">Se comienza con el pago de pensiones a personas de la tercera edad y personas con alguna discapacidad que cobran a trav\u00e9s de ventanilla en Telecom, por lo que desde temprana hora los ciudadanos que ya fueron notificados, se dieron cita en l p\u00e9rgola del parque Benito Ju\u00e1rez, en donde servidores de la naci\u00f3n estuvieron atendiendo a las personas.<\/p>\n\n\n\n<p class=\"wp-block-paragraph\">De acuerdo con Emilio Olvera Andrade, Delegado Regional de Programas Sociales del Bienestar, coment\u00f3 que el pago se estar\u00e1 realizando durante toda la semana, por lo ser\u00e1n un promedio de tres mil 500 personas las que cobran a trav\u00e9s de ventanilla.<\/p>\n\n\n\n<p class=\"wp-block-paragraph\">Se\u00f1alo que por motivos de la veda electoral se les est\u00e1 adelantando un bimestre, por lo que las personas estar\u00e1n recibiendo un total de cinco mil 400 pesos, esto debido a que se aproximan las elecciones y para evitar alg\u00fan mal entendido se decidi\u00f3 que se les estar\u00eda adelantando un bimestre.<\/p>\n\n\n\n<p class=\"wp-block-paragraph\">Olvera Andrade dijo que debido a la jornada de vacunaci\u00f3n que se estuvo llevando a cabo la semana pasada, el pago de las pensiones present\u00f3 un retazo de aproximadamente 15 d\u00edas, por lo que piden a la poblaci\u00f3n que sean pacientes, pues se les estar\u00e1 entregando su dinero en el menor tiempo posible, pues el tema de la vacunas gener\u00f3 que las oficinas de bienestar se enfocar\u00e1n en registrarse a los adultos mayores.<\/p>\n\n\n\n<p class=\"wp-block-paragraph\">Por ultimo mencion\u00f3 que se est\u00e1n respetando las medidas sanitarias durante el pago, por lo que los adultos mayores est\u00e1n seguros, se les pide acudir con un acompa\u00f1ante esto para evitar aglomeraciones de personas, pues a pesar de que es un lugar al aire abierto es necesario seguir con las medidas sanitarias.<\/p>\n\n\n\n<figure class=\"wp-block-gallery columns-1 wp-block-gallery-1 is-layout-flex wp-block-gallery-is-layout-flex\"><ul class=\"blocks-gallery-grid\"><li class=\"blocks-gallery-item\"><figure><img decoding=\"async\" src=\"https:\/\/www.enteratever.com\/2020\/wp-content\/uploads\/2021\/03\/WhatsApp-Image-2021-03-29-at-15.39.38.jpeg\" alt=\"\" data-id=\"41184\" data-full-url=\"https:\/\/www.enteratever.com\/2020\/wp-content\/uploads\/2021\/03\/WhatsApp-Image-2021-03-29-at-15.39.38.jpeg\" data-link=\"https:\/\/www.enteratever.com\/?attachment_id=41184\" class=\"wp-image-41184\"\/><\/figure><\/li><li class=\"blocks-gallery-item\"><figure><img decoding=\"async\" src=\"https:\/\/www.enteratever.com\/2020\/wp-content\/uploads\/2021\/03\/WhatsApp-Image-2021-03-29-at-15.39.24.jpeg\" alt=\"\" data-id=\"41183\" data-full-url=\"https:\/\/www.enteratever.com\/2020\/wp-content\/uploads\/2021\/03\/WhatsApp-Image-2021-03-29-at-15.39.24.jpeg\" data-link=\"https:\/\/www.enteratever.com\/?attachment_id=41183\" class=\"wp-image-41183\"\/><\/figure><\/li><li class=\"blocks-gallery-item\"><figure><img decoding=\"async\" src=\"https:\/\/www.enteratever.com\/2020\/wp-content\/uploads\/2021\/03\/WhatsApp-Image-2021-03-29-at-15.39.23.jpeg\" alt=\"\" data-id=\"41182\" data-full-url=\"https:\/\/www.enteratever.com\/2020\/wp-content\/uploads\/2021\/03\/WhatsApp-Image-2021-03-29-at-15.39.23.jpeg\" data-link=\"https:\/\/www.enteratever.com\/?attachment_id=41182\" class=\"wp-image-41182\"\/><\/figure><\/li><\/ul><\/figure>\n","protected":false},"excerpt":{"rendered":"<p>Visitas: 3 \u2022 Reciben un bimestre por adelantado debido a la veda electoral. Se comienza con el pago de pensiones a personas de la tercera edad y personas con alguna discapacidad que cobran a trav\u00e9s de ventanilla en Telecom, por lo que desde temprana hora los ciudadanos que ya fueron notificados, se dieron cita en [&hellip;]<\/p>\n","protected":false},"author":4,"featured_media":173511,"comment_status":"open","ping_status":"open","sticky":false,"template":"","format":"standard","meta":{"footnotes":""},"categories":[213],"tags":[],"class_list":["post-173510","post","type-post","status-publish","format-standard","has-post-thumbnail","category-poza-rica"],"nelio_content":{"isAutoShareEnabled":true,"autoShareEndMode":"never","automationSources":{"useCustomSentences":false,"customSentences":[]},"followers":[],"suggestedReferences":[],"efiUrl":"","efiAlt":"","highlights":[],"permalinkQueryArgs":[],"series":[]},"_links":{"self":[{"href":"https:\/\/www.enteratever.com\/2023\/wp-json\/wp\/v2\/posts\/173510","targetHints":{"allow":["GET"]}}],"collection":[{"href":"https:\/\/www.enteratever.com\/2023\/wp-json\/wp\/v2\/posts"}],"about":[{"href":"https:\/\/www.enteratever.com\/2023\/wp-json\/wp\/v2\/types\/post"}],"author":[{"embeddable":true,"href":"https:\/\/www.enteratever.com\/2023\/wp-json\/wp\/v2\/users\/4"}],"replies":[{"embeddable":true,"href":"https:\/\/www.enteratever.com\/2023\/wp-json\/wp\/v2\/comments?post=173510"}],"version-history":[{"count":0,"href":"https:\/\/www.enteratever.com\/2023\/wp-json\/wp\/v2\/posts\/173510\/revisions"}],"wp:featuredmedia":[{"embeddable":true,"href":"https:\/\/www.enteratever.com\/2023\/wp-json\/wp\/v2\/media\/173511"}],"wp:attachment":[{"href":"https:\/\/www.enteratever.com\/2023\/wp-json\/wp\/v2\/media?parent=173510"}],"wp:term":[{"taxonomy":"category","embeddable":true,"href":"https:\/\/www.enteratever.com\/2023\/wp-json\/wp\/v2\/categories?post=173510"},{"taxonomy":"post_tag","embeddable":true,"href":"https:\/\/www.enteratever.com\/2023\/wp-json\/wp\/v2\/tags?post=173510"}],"curies":[{"name":"wp","href":"https:\/\/api.w.org\/{rel}","templated":true}]}}