{"id":173508,"date":"2021-03-29T18:51:09","date_gmt":"2021-03-29T18:51:09","guid":{"rendered":"https:\/\/www.enteratever.com\/2023\/mas-de-25-mil-personas-fueron-vacunadas-en-poza-rica\/"},"modified":"2021-03-29T18:51:09","modified_gmt":"2021-03-29T18:51:09","slug":"mas-de-25-mil-personas-fueron-vacunadas-en-poza-rica","status":"publish","type":"post","link":"https:\/\/www.enteratever.com\/2023\/2021\/03\/29\/mas-de-25-mil-personas-fueron-vacunadas-en-poza-rica\/","title":{"rendered":"M\u00e1s de 25 mil personas fueron vacunadas en Poza Rica"},"content":{"rendered":"<p>Visitas: 4<\/p>\n<p class=\"wp-block-paragraph\"><em>\u2022 Siguen acudiendo a los hogares de las personas que por motivos de salud no pudieron acudir a los puntos de vacunaci\u00f3n.<\/em><\/p>\n\n\n\n<p class=\"wp-block-paragraph\">Durante el \u00faltimo d\u00eda de vacunaci\u00f3n en el municipio de Poza Rica fueron varias las personas que estuvieron acudiendo a la Plaza C\u00edvica 18 de marzo para poder recibir la primera dosis, se tiene contabilizada un total de mil 356 personas, por lo que desde temprana hora los ciudadanos que por alg\u00fan motivo no acudieron el d\u00eda que le correspond\u00eda se dieron cita para recibir la primera dosis.<\/p>\n\n\n\n<p class=\"wp-block-paragraph\">De acuerdo con Emilio Olvera Andrade, Delegado Regional de Programas Sociales del Bienestar se\u00f1al\u00f3 que con el \u00faltimo corte se tiene un total de 25 mil 647 dosis aplicadas, por lo que representa un avance muy importante para el municipio, pues si es cierto se espera una tercer ola de contagios en todo el pa\u00eds, por lo que uno de los sectores m\u00e1s vulnerable ya se encuentra vacunado.<\/p>\n\n\n\n<p class=\"wp-block-paragraph\">Se\u00f1al\u00f3 que siguen realizando los recorridos en las viviendas de las personas que por motivos de salud se encuentran en postraci\u00f3n se les lleva la vacuna, por lo que seguir\u00e1n acudiendo a los hogares para que nadie se quede sin su vacuna, por lo que piden a la poblaci\u00f3n que sea pacientes, pues van de acuerdo a un listado.<\/p>\n\n\n\n<p class=\"wp-block-paragraph\">El delegado regional manifest\u00f3 que iniciaron con un listado de 500 personas, por lo que se espera que para el d\u00eda mi\u00e9rcoles se termine por completo la aplicaci\u00f3n de las vacunas, por lo que dijo sentirse contento con la aceptaci\u00f3n que la ciudadan\u00eda ha tenido con la jornada de vacunaci\u00f3n, pues fue todo un a\u00f1o que se estuvo esperando que este momento llegar\u00e1.<\/p>\n\n\n\n<p class=\"wp-block-paragraph\">Record\u00f3 que es importante no bajar la guardia, pues a\u00fan no ha terminado la pandemia, por lo que es necesario seguir respetando las medidas sanitarias, para que en la pr\u00f3xima ola de contagios los hospitales no tengan un sobre cupo, pues en estos momentos es responsabilidad de cada uno el cuidarse.<\/p>\n\n\n\n<figure class=\"wp-block-gallery columns-1 wp-block-gallery-1 is-layout-flex wp-block-gallery-is-layout-flex\"><ul class=\"blocks-gallery-grid\"><li class=\"blocks-gallery-item\"><figure><img decoding=\"async\" src=\"https:\/\/www.enteratever.com\/2020\/wp-content\/uploads\/2021\/03\/WhatsApp-Image-2021-03-29-at-11.00.12.jpeg\" alt=\"\" data-id=\"41121\" data-full-url=\"https:\/\/www.enteratever.com\/2020\/wp-content\/uploads\/2021\/03\/WhatsApp-Image-2021-03-29-at-11.00.12.jpeg\" data-link=\"https:\/\/www.enteratever.com\/?attachment_id=41121\" class=\"wp-image-41121\"\/><\/figure><\/li><li class=\"blocks-gallery-item\"><figure><img decoding=\"async\" src=\"https:\/\/www.enteratever.com\/2020\/wp-content\/uploads\/2021\/03\/WhatsApp-Image-2021-03-29-at-11.00.13.jpeg\" alt=\"\" data-id=\"41122\" data-full-url=\"https:\/\/www.enteratever.com\/2020\/wp-content\/uploads\/2021\/03\/WhatsApp-Image-2021-03-29-at-11.00.13.jpeg\" data-link=\"https:\/\/www.enteratever.com\/?attachment_id=41122\" class=\"wp-image-41122\"\/><\/figure><\/li><li class=\"blocks-gallery-item\"><figure><img decoding=\"async\" src=\"https:\/\/www.enteratever.com\/2020\/wp-content\/uploads\/2021\/03\/WhatsApp-Image-2021-03-29-at-11.00.18.jpeg\" alt=\"\" data-id=\"41123\" data-full-url=\"https:\/\/www.enteratever.com\/2020\/wp-content\/uploads\/2021\/03\/WhatsApp-Image-2021-03-29-at-11.00.18.jpeg\" data-link=\"https:\/\/www.enteratever.com\/?attachment_id=41123\" class=\"wp-image-41123\"\/><\/figure><\/li><\/ul><\/figure>\n","protected":false},"excerpt":{"rendered":"<p>Visitas: 4 \u2022 Siguen acudiendo a los hogares de las personas que por motivos de salud no pudieron acudir a los puntos de vacunaci\u00f3n. Durante el \u00faltimo d\u00eda de vacunaci\u00f3n en el municipio de Poza Rica fueron varias las personas que estuvieron acudiendo a la Plaza C\u00edvica 18 de marzo para poder recibir la primera [&hellip;]<\/p>\n","protected":false},"author":4,"featured_media":173509,"comment_status":"open","ping_status":"open","sticky":false,"template":"","format":"standard","meta":{"footnotes":""},"categories":[213],"tags":[],"class_list":["post-173508","post","type-post","status-publish","format-standard","has-post-thumbnail","category-poza-rica"],"nelio_content":{"isAutoShareEnabled":true,"autoShareEndMode":"never","automationSources":{"useCustomSentences":false,"customSentences":[]},"followers":[],"suggestedReferences":[],"efiUrl":"","efiAlt":"","highlights":[],"permalinkQueryArgs":[],"series":[]},"_links":{"self":[{"href":"https:\/\/www.enteratever.com\/2023\/wp-json\/wp\/v2\/posts\/173508","targetHints":{"allow":["GET"]}}],"collection":[{"href":"https:\/\/www.enteratever.com\/2023\/wp-json\/wp\/v2\/posts"}],"about":[{"href":"https:\/\/www.enteratever.com\/2023\/wp-json\/wp\/v2\/types\/post"}],"author":[{"embeddable":true,"href":"https:\/\/www.enteratever.com\/2023\/wp-json\/wp\/v2\/users\/4"}],"replies":[{"embeddable":true,"href":"https:\/\/www.enteratever.com\/2023\/wp-json\/wp\/v2\/comments?post=173508"}],"version-history":[{"count":0,"href":"https:\/\/www.enteratever.com\/2023\/wp-json\/wp\/v2\/posts\/173508\/revisions"}],"wp:featuredmedia":[{"embeddable":true,"href":"https:\/\/www.enteratever.com\/2023\/wp-json\/wp\/v2\/media\/173509"}],"wp:attachment":[{"href":"https:\/\/www.enteratever.com\/2023\/wp-json\/wp\/v2\/media?parent=173508"}],"wp:term":[{"taxonomy":"category","embeddable":true,"href":"https:\/\/www.enteratever.com\/2023\/wp-json\/wp\/v2\/categories?post=173508"},{"taxonomy":"post_tag","embeddable":true,"href":"https:\/\/www.enteratever.com\/2023\/wp-json\/wp\/v2\/tags?post=173508"}],"curies":[{"name":"wp","href":"https:\/\/api.w.org\/{rel}","templated":true}]}}