{"id":173506,"date":"2021-03-29T15:20:17","date_gmt":"2021-03-29T15:20:17","guid":{"rendered":"https:\/\/www.enteratever.com\/2023\/lalo-velazquez-va-por-la-alcaldia-de-poza-rica\/"},"modified":"2021-03-29T15:20:17","modified_gmt":"2021-03-29T15:20:17","slug":"lalo-velazquez-va-por-la-alcaldia-de-poza-rica","status":"publish","type":"post","link":"https:\/\/www.enteratever.com\/2023\/2021\/03\/29\/lalo-velazquez-va-por-la-alcaldia-de-poza-rica\/","title":{"rendered":"Lalo Vel\u00e1zquez va por la alcald\u00eda de Poza Rica"},"content":{"rendered":"<p>Visitas: 0<\/p>\n<p class=\"wp-block-paragraph\"><em>\u2022 Cuenta con el prestado de la coalici\u00f3n \u201cVeracruz Va\u201d<\/em><\/p>\n\n\n\n<p class=\"wp-block-paragraph\">De manera un\u00e1nime el Partido de la Revoluci\u00f3n Democr\u00e1tica (PRD) design\u00f3 a Eduardo Vel\u00e1zquez Ayala como el candidato a la alcald\u00eda de Poza Rica por la alianza \u201cVeracruz Va\u201d esto fue durante la sesi\u00f3n del tercer pleno extraordinario del d\u00e9cimo Consejo Estatal, la cual fue celebrada a distancia el pasado domingo 28 de marzo.<\/p>\n\n\n\n<p class=\"wp-block-paragraph\">En esta reuni\u00f3n se dieron a conocer los nombres de las personas que estar\u00e1n encabezando las candidaturas en los diferentes puestos de elecci\u00f3n popular en los 212 municipio que conforman la entidad, en esta tambi\u00e9n se incluyeron los 73 que estar\u00e1n participando en la alianza con el Partido Acci\u00f3n Nacional (PAN) y Partido Revolucionario Institucional (PRI).<\/p>\n\n\n\n<p class=\"wp-block-paragraph\">Eduardo Vel\u00e1zquez Ayala estar\u00e1 acompa\u00f1ado de Nora Bertha Ch\u00e1vez Montoya, qui\u00e9n ocupar\u00e1 el cargo de Sindica \u00danica, en la regidur\u00eda 1\u00b0 a Ranulfo Nery Reyes Piantta; regidora 2\u00aa, Blanca Eugenia Sara\u00ed; regidor 3\u00b0, Javier Romero P\u00e9rez; regidora 4\u00aa Mar\u00eda Ruth de la Gloria; regidor 5\u00b0, Jes\u00fas Domingo Ch\u00e1vez; regidora 6\u00aa, Eva Cabrera Montiel; regidor 7\u00b0, Edgar Fernando Villanueva; regidora 8\u00aa, Francisca Maldonado S\u00e1nchez; regidor 9\u00b0, Sa\u00fal Elizarraras Alejo: regidora 10\u00aa, Ver\u00f3nica Maldonado S\u00e1nchez: regidor 11\u00b0, Ra\u00fal Castillo Vicencio y regidora 12, Esperanza Avil\u00e9s M\u00e9rida.<\/p>\n\n\n\n<p class=\"wp-block-paragraph\">A trav\u00e9s de sus redes sociales dio a conocer que el partido le brindo la confianza para representar a la coalici\u00f3n en el pr\u00f3ximo proceso electoral, por lo que dijo sentirse muy contento de esta oportunidad, pues durante varios a\u00f1os ha realizado diferentes trabajos a fin de apoyar a la ciudadan\u00eda que m\u00e1s lo necesita, es por eso que conoce cuales son las principales necesidades que la gente tiene.<\/p>\n\n\n\n<p class=\"wp-block-paragraph\">De la misma forma agradeci\u00f3 a todos los que han confiando en \u00e9l, por lo que las muestras de cari\u00f1o por parte de la poblaci\u00f3n que conoce su trayectoria no pudieron faltar, por lo que ahora solo falta saber la fecha oficial en la que Vel\u00e1zquez Ayala se registre como el candidato a la alcald\u00eda de Poza Rica.<\/p>\n","protected":false},"excerpt":{"rendered":"<p>Visitas: 0 \u2022 Cuenta con el prestado de la coalici\u00f3n \u201cVeracruz Va\u201d De manera un\u00e1nime el Partido de la Revoluci\u00f3n Democr\u00e1tica (PRD) design\u00f3 a Eduardo Vel\u00e1zquez Ayala como el candidato a la alcald\u00eda de Poza Rica por la alianza \u201cVeracruz Va\u201d esto fue durante la sesi\u00f3n del tercer pleno extraordinario del d\u00e9cimo Consejo Estatal, la [&hellip;]<\/p>\n","protected":false},"author":4,"featured_media":173507,"comment_status":"open","ping_status":"open","sticky":false,"template":"","format":"standard","meta":{"footnotes":""},"categories":[213],"tags":[],"class_list":["post-173506","post","type-post","status-publish","format-standard","has-post-thumbnail","category-poza-rica"],"nelio_content":{"isAutoShareEnabled":true,"autoShareEndMode":"never","automationSources":{"useCustomSentences":false,"customSentences":[]},"followers":[],"suggestedReferences":[],"efiUrl":"","efiAlt":"","highlights":[],"permalinkQueryArgs":[],"series":[]},"_links":{"self":[{"href":"https:\/\/www.enteratever.com\/2023\/wp-json\/wp\/v2\/posts\/173506","targetHints":{"allow":["GET"]}}],"collection":[{"href":"https:\/\/www.enteratever.com\/2023\/wp-json\/wp\/v2\/posts"}],"about":[{"href":"https:\/\/www.enteratever.com\/2023\/wp-json\/wp\/v2\/types\/post"}],"author":[{"embeddable":true,"href":"https:\/\/www.enteratever.com\/2023\/wp-json\/wp\/v2\/users\/4"}],"replies":[{"embeddable":true,"href":"https:\/\/www.enteratever.com\/2023\/wp-json\/wp\/v2\/comments?post=173506"}],"version-history":[{"count":0,"href":"https:\/\/www.enteratever.com\/2023\/wp-json\/wp\/v2\/posts\/173506\/revisions"}],"wp:featuredmedia":[{"embeddable":true,"href":"https:\/\/www.enteratever.com\/2023\/wp-json\/wp\/v2\/media\/173507"}],"wp:attachment":[{"href":"https:\/\/www.enteratever.com\/2023\/wp-json\/wp\/v2\/media?parent=173506"}],"wp:term":[{"taxonomy":"category","embeddable":true,"href":"https:\/\/www.enteratever.com\/2023\/wp-json\/wp\/v2\/categories?post=173506"},{"taxonomy":"post_tag","embeddable":true,"href":"https:\/\/www.enteratever.com\/2023\/wp-json\/wp\/v2\/tags?post=173506"}],"curies":[{"name":"wp","href":"https:\/\/api.w.org\/{rel}","templated":true}]}}