{"id":173496,"date":"2021-03-27T19:40:34","date_gmt":"2021-03-27T19:40:34","guid":{"rendered":"https:\/\/www.enteratever.com\/2023\/jornada-de-vacunacion-fue-todo-un-exito-emilio-olvera\/"},"modified":"2021-03-27T19:40:34","modified_gmt":"2021-03-27T19:40:34","slug":"jornada-de-vacunacion-fue-todo-un-exito-emilio-olvera","status":"publish","type":"post","link":"https:\/\/www.enteratever.com\/2023\/2021\/03\/27\/jornada-de-vacunacion-fue-todo-un-exito-emilio-olvera\/","title":{"rendered":"Jornada de vacunaci\u00f3n fue todo un \u00e9xito: Emilio Olvera"},"content":{"rendered":"<p>Visitas: 5<\/p>\n<p class=\"wp-block-paragraph\">De acuerdo con Emilio Olvera Andrade, Delegado regional de Programas Sociales del Bienestar, dio a conocer que la jornada de vacunaci\u00f3n fue todo un \u00e9xito pues se vacun\u00f3 a la mayor\u00eda ella poblaci\u00f3n de la tercera edad, lo que representa un paso portante para el municipio de Poza Rica, por lo que a lo largo de los cinco d\u00edas de aplicaron un total de 24 mil 291 vacunas.<\/p>\n\n\n\n<p class=\"wp-block-paragraph\">En entrevista el delegado se\u00f1al\u00f3 que la jornada de vacunaci\u00f3n se llev\u00f3 de manera pac\u00edfica, pues en todo momento se garantiz\u00f3 la dosis para la poblaci\u00f3n, adem\u00e1s de que gracias al sistema que se implement\u00f3 no hubo necesidad que las personas estuvieran largas horas en espera y que esto generar\u00e1 aglomeraciones de personas.<\/p>\n\n\n\n<p class=\"wp-block-paragraph\">Olvera Andrade mencion\u00f3 que en el \u00faltimo d\u00eda en la Plaza c\u00edvica 18 de marzo se aplicaron un total mil 737, en el Gimnasio Municipal Miguel Hidalgo mil 110, unidad deportiva Cayetano Ledezma Garc\u00eda 396 y en el Centro Comunitario los Sauces 228 dosis, por lo que en el \u00faltimo corte se suma un total de tres mil 471 las personas que fueron vacunadas.<\/p>\n\n\n\n<p class=\"wp-block-paragraph\">Agradeci\u00f3 a las todo el personal de salud, servidores de la naci\u00f3n, estudiantes de la Universidad Veracruzana y personas que hicieron posible que la jornada de vacunaci\u00f3n fuera todo un \u00e9xito y que permiti\u00f3 que Poza Rica sea el ejemplo de como es que se debe de llevar las jornadas.<\/p>\n\n\n\n<p class=\"wp-block-paragraph\">Por \u00faltimo mencion\u00f3 que posteriormente se les estar\u00e1 dando a conocer las nuevas fechas en las que las personas deber\u00e1n acudir a los diferentes puntos de vacunaci\u00f3n para recibir la segunda dosis, pues durante este s\u00e1bado se estar\u00e1 vacunando a todas las personas que por alg\u00fan motivo no pudieron acudir a los puntos de vacunaci\u00f3n.<\/p>\n\n\n\n<figure class=\"wp-block-gallery columns-3 wp-block-gallery-1 is-layout-flex wp-block-gallery-is-layout-flex\"><ul class=\"blocks-gallery-grid\"><li class=\"blocks-gallery-item\"><figure><img decoding=\"async\" src=\"https:\/\/www.enteratever.com\/2020\/wp-content\/uploads\/2021\/03\/WhatsApp-Image-2021-03-27-at-09.54.10-1024x1024.jpeg\" alt=\"\" data-id=\"41025\" data-full-url=\"https:\/\/www.enteratever.com\/2020\/wp-content\/uploads\/2021\/03\/WhatsApp-Image-2021-03-27-at-09.54.10.jpeg\" data-link=\"https:\/\/www.enteratever.com\/?attachment_id=41025\" class=\"wp-image-41025\"\/><\/figure><\/li><li class=\"blocks-gallery-item\"><figure><img decoding=\"async\" src=\"https:\/\/www.enteratever.com\/2020\/wp-content\/uploads\/2021\/03\/WhatsApp-Image-2021-03-27-at-09.54.11-1024x1024.jpeg\" alt=\"\" data-id=\"41026\" data-full-url=\"https:\/\/www.enteratever.com\/2020\/wp-content\/uploads\/2021\/03\/WhatsApp-Image-2021-03-27-at-09.54.11.jpeg\" data-link=\"https:\/\/www.enteratever.com\/?attachment_id=41026\" class=\"wp-image-41026\"\/><\/figure><\/li><li class=\"blocks-gallery-item\"><figure><img decoding=\"async\" src=\"https:\/\/www.enteratever.com\/2020\/wp-content\/uploads\/2021\/03\/WhatsApp-Image-2021-03-27-at-09.54.12-1024x1024.jpeg\" alt=\"\" data-id=\"41027\" data-full-url=\"https:\/\/www.enteratever.com\/2020\/wp-content\/uploads\/2021\/03\/WhatsApp-Image-2021-03-27-at-09.54.12.jpeg\" data-link=\"https:\/\/www.enteratever.com\/?attachment_id=41027\" class=\"wp-image-41027\"\/><\/figure><\/li><li class=\"blocks-gallery-item\"><figure><img decoding=\"async\" src=\"https:\/\/www.enteratever.com\/2020\/wp-content\/uploads\/2021\/03\/WhatsApp-Image-2021-03-27-at-09.54.13-1024x1024.jpeg\" alt=\"\" data-id=\"41028\" data-full-url=\"https:\/\/www.enteratever.com\/2020\/wp-content\/uploads\/2021\/03\/WhatsApp-Image-2021-03-27-at-09.54.13.jpeg\" data-link=\"https:\/\/www.enteratever.com\/?attachment_id=41028\" class=\"wp-image-41028\"\/><\/figure><\/li><li class=\"blocks-gallery-item\"><figure><img decoding=\"async\" src=\"https:\/\/www.enteratever.com\/2020\/wp-content\/uploads\/2021\/03\/WhatsApp-Image-2021-03-27-at-09.54.14-1024x1024.jpeg\" alt=\"\" data-id=\"41029\" data-full-url=\"https:\/\/www.enteratever.com\/2020\/wp-content\/uploads\/2021\/03\/WhatsApp-Image-2021-03-27-at-09.54.14.jpeg\" data-link=\"https:\/\/www.enteratever.com\/?attachment_id=41029\" class=\"wp-image-41029\"\/><\/figure><\/li><li class=\"blocks-gallery-item\"><figure><img decoding=\"async\" src=\"https:\/\/www.enteratever.com\/2020\/wp-content\/uploads\/2021\/03\/WhatsApp-Image-2021-03-27-at-09.54.15-1024x1024.jpeg\" alt=\"\" data-id=\"41030\" data-full-url=\"https:\/\/www.enteratever.com\/2020\/wp-content\/uploads\/2021\/03\/WhatsApp-Image-2021-03-27-at-09.54.15.jpeg\" data-link=\"https:\/\/www.enteratever.com\/?attachment_id=41030\" class=\"wp-image-41030\"\/><\/figure><\/li><li class=\"blocks-gallery-item\"><figure><img decoding=\"async\" src=\"https:\/\/www.enteratever.com\/2020\/wp-content\/uploads\/2021\/03\/WhatsApp-Image-2021-03-27-at-09.54.18-1024x1024.jpeg\" alt=\"\" data-id=\"41031\" data-full-url=\"https:\/\/www.enteratever.com\/2020\/wp-content\/uploads\/2021\/03\/WhatsApp-Image-2021-03-27-at-09.54.18.jpeg\" data-link=\"https:\/\/www.enteratever.com\/?attachment_id=41031\" class=\"wp-image-41031\"\/><\/figure><\/li><\/ul><\/figure>\n","protected":false},"excerpt":{"rendered":"<p>Visitas: 5 De acuerdo con Emilio Olvera Andrade, Delegado regional de Programas Sociales del Bienestar, dio a conocer que la jornada de vacunaci\u00f3n fue todo un \u00e9xito pues se vacun\u00f3 a la mayor\u00eda ella poblaci\u00f3n de la tercera edad, lo que representa un paso portante para el municipio de Poza Rica, por lo que a [&hellip;]<\/p>\n","protected":false},"author":4,"featured_media":173497,"comment_status":"open","ping_status":"open","sticky":false,"template":"","format":"standard","meta":{"footnotes":""},"categories":[213],"tags":[],"class_list":["post-173496","post","type-post","status-publish","format-standard","has-post-thumbnail","category-poza-rica"],"nelio_content":{"isAutoShareEnabled":true,"autoShareEndMode":"never","automationSources":{"useCustomSentences":false,"customSentences":[]},"followers":[],"suggestedReferences":[],"efiUrl":"","efiAlt":"","highlights":[],"permalinkQueryArgs":[],"series":[]},"_links":{"self":[{"href":"https:\/\/www.enteratever.com\/2023\/wp-json\/wp\/v2\/posts\/173496","targetHints":{"allow":["GET"]}}],"collection":[{"href":"https:\/\/www.enteratever.com\/2023\/wp-json\/wp\/v2\/posts"}],"about":[{"href":"https:\/\/www.enteratever.com\/2023\/wp-json\/wp\/v2\/types\/post"}],"author":[{"embeddable":true,"href":"https:\/\/www.enteratever.com\/2023\/wp-json\/wp\/v2\/users\/4"}],"replies":[{"embeddable":true,"href":"https:\/\/www.enteratever.com\/2023\/wp-json\/wp\/v2\/comments?post=173496"}],"version-history":[{"count":0,"href":"https:\/\/www.enteratever.com\/2023\/wp-json\/wp\/v2\/posts\/173496\/revisions"}],"wp:featuredmedia":[{"embeddable":true,"href":"https:\/\/www.enteratever.com\/2023\/wp-json\/wp\/v2\/media\/173497"}],"wp:attachment":[{"href":"https:\/\/www.enteratever.com\/2023\/wp-json\/wp\/v2\/media?parent=173496"}],"wp:term":[{"taxonomy":"category","embeddable":true,"href":"https:\/\/www.enteratever.com\/2023\/wp-json\/wp\/v2\/categories?post=173496"},{"taxonomy":"post_tag","embeddable":true,"href":"https:\/\/www.enteratever.com\/2023\/wp-json\/wp\/v2\/tags?post=173496"}],"curies":[{"name":"wp","href":"https:\/\/api.w.org\/{rel}","templated":true}]}}